{"id":85121,"date":"2026-09-03T08:34:00","date_gmt":"2026-09-03T07:34:00","guid":{"rendered":"https:\/\/museoscienze.vda.it\/?p=85121"},"modified":"2026-09-03T08:37:33","modified_gmt":"2026-09-03T07:37:33","slug":"le-jardin-botanique-alpin-saussurea","status":"publish","type":"post","link":"https:\/\/museoscienze.vda.it\/fr\/le-jardin-botanique-alpin-saussurea\/","title":{"rendered":"Le Jardin Botanique Alpin Saussurea"},"content":{"rendered":"\n<p class=\"has-medium-font-size\"><em>\u00c0 2 175 m\u00e8tres d&rsquo;altitude sur le Pavillon du Mont Fr\u00e9ty, accessible par le t\u00e9l\u00e9ph\u00e9rique Skyway Monte Bianco : Saussurea est le quatri\u00e8me et le plus spectaculaire des jardins botaniques alpines de la Vall\u00e9e d&rsquo;Aoste.<\/em><\/p>\n\n\n\n<div style=\"height:35px\" aria-hidden=\"true\" class=\"wp-block-spacer\"><\/div>\n\n\n\n<p class=\"has-medium-font-size\">Il existe un endroit en Vall\u00e9e d&rsquo;Aoste o\u00f9 l&rsquo;on marche parmi les fleurs avec le Mont-Blanc en toile de fond. Un lieu accessible uniquement en t\u00e9l\u00e9ph\u00e9rique, o\u00f9 la neige persiste jusqu&rsquo;\u00e0 mi-juin et o\u00f9 la saison v\u00e9g\u00e9tative dure \u00e0 peine deux \u00e0 trois mois. Un lieu qui, avec ses 2 175 m\u00e8tres d&rsquo;altitude, d\u00e9tient un record absolu : c&rsquo;est le jardin botanique alpin le plus haut d&rsquo;Europe. Il s&rsquo;appelle Saussurea, et son nom raconte d\u00e9j\u00e0 toute son histoire.<\/p>\n\n\n\n<div style=\"height:61px\" aria-hidden=\"true\" class=\"wp-block-spacer\"><\/div>\n\n\n\n<h3 class=\"wp-block-heading has-dark-1-color has-text-color has-link-color wp-elements-517f8e8754793e2fd3184f8267eb1e36\" style=\"font-size:30px\"><strong>Le nom et l&rsquo;histoire<\/strong><\/h3>\n\n\n\n<p class=\"has-medium-font-size\">Le jardin doit son nom \u00e0 une plante, la <em>Saussurea alpina<\/em>, d\u00e9di\u00e9e au scientifique genevois Horace-B\u00e9n\u00e9dict de Saussure, promoteur de la premi\u00e8re ascension du Mont-Blanc en 1786. Un nom qui entrem\u00eale botanique et histoire de l&rsquo;alpinisme, flore alpine et conqu\u00eate des sommets : deux des histoires les plus fascinantes des Alpes vald\u00f4taines racont\u00e9es en un seul mot.<\/p>\n\n\n\n<p class=\"has-medium-font-size\">En 1984, la Fondation Donzelli, Gilberti et Ferretti a \u00e9t\u00e9 cr\u00e9\u00e9e \u00e0 Courmayeur afin d&rsquo;\u00e9tudier et de valoriser la flore de la plus haute montagne d&rsquo;Europe, le Mont-Blanc. La premi\u00e8re initiative concr\u00e8te a \u00e9t\u00e9 la cr\u00e9ation d&rsquo;un jardin alpin au pied de cet imposant massif. <\/p>\n\n\n\n<p class=\"has-medium-font-size\">Inaugur\u00e9 en 1987, l&rsquo;aspect recherche et protection des esp\u00e8ces a progressivement pris le dessus sur le volet touristique. Il est aujourd&rsquo;hui g\u00e9r\u00e9 par la Fondation Saussurea Onlus.<\/p>\n\n\n\n<h3 class=\"wp-block-heading has-dark-1-color has-text-color has-link-color wp-elements-2debb31b2860430ecbbe67c61ea8126c\" style=\"font-size:30px\"><strong>La situation : un balcon sur le Mont-Blanc<\/strong><\/h3>\n\n\n\n<p class=\"has-medium-font-size\">Le jardin botanique alpin Saussurea est situ\u00e9 \u00e0 2 175 m\u00e8tres d&rsquo;altitude, au pied du Mont-Blanc, sur le promontoire glaciaire appel\u00e9 Mont Fr\u00e9ty qui surplombe la cuvette de Courmayeur.<\/p>\n\n\n\n<p class=\"has-medium-font-size\">Le Pavillon du Mont Fr\u00e9ty est une terrasse naturelle qui domine les hameaux d&rsquo;Entr\u00e8ves et le centre de Courmayeur. En regardant vers la France, on observe le Val Veny avec le glacier du Miage. En direction de la Suisse, on aper\u00e7oit la vall\u00e9e du Val Ferret au pied des Grandes Jorasses. Vers le sud, d&rsquo;autres montagnes de la Vall\u00e9e d&rsquo;Aoste sont visibles : le Ruitor, le Grand Paradis, la Grivola. <\/p>\n\n\n\n<p class=\"has-medium-font-size\">C&rsquo;est l&rsquo;un des panoramas les plus extraordinaires des Alpes occidentales, et le jardin botanique en fait partie int\u00e9grante.<\/p>\n\n\n\n<h3 class=\"wp-block-heading has-dark-1-color has-text-color has-link-color wp-elements-f57ba893442a60e928c0e425e1ae996d\" style=\"font-size:30px\"><strong>Le patrimoine botanique<\/strong><\/h3>\n\n\n\n<p class=\"has-medium-font-size\">Le Jardin Alpin Botanique Saussurea abrite environ 900 esp\u00e8ces sur un terrain d&rsquo;origine morainique, partiellement recouvert par un ancien \u00e9boulement de gros blocs granitiques qui donne du relief au jardin. Les rocailles abritent des plantes class\u00e9es selon leur origine g\u00e9ographique : de la flore alpine vald\u00f4taine \u00e0 celle des Alpes occidentales et orientales, jusqu&rsquo;aux esp\u00e8ces exotiques.<\/p>\n\n\n\n<p class=\"has-medium-font-size\">Chaque plante est identifi\u00e9e par une \u00e9tiquette indiquant ses noms scientifique et commun, ainsi que sa famille : jaune pour les esp\u00e8ces italiennes, rouge pour les esp\u00e8ces officinales, une t\u00eate de mort pour les plantes dangereuses ou toxiques, et blanc pour les plantes exotiques. Les esp\u00e8ces vald\u00f4taines se trouvent d\u00e8s l&rsquo;entr\u00e9e : l&rsquo;\u00c9delweiss, le Lys martagon et la Centaur\u00e9e de Trionfetti en sont quelques exemples.<\/p>\n\n\n\n<p class=\"has-medium-font-size\">Plusieurs milieux montagnards typiques du massif du Mont-Blanc ont \u00e9t\u00e9 reconstitu\u00e9s au sein du jardin : le tablier d&rsquo;\u00e9boulis, la combe \u00e0 neige, la tourbi\u00e8re et les pelouses alpines. Chaque milieu est accompagn\u00e9 de panneaux explicatifs illustrant les caract\u00e9ristiques \u00e9cologiques et les esp\u00e8ces embl\u00e9matiques.<\/p>\n\n\n\n<h3 class=\"wp-block-heading has-black-color has-text-color has-link-color wp-elements-de16347f9c5de587a1704802225fbd02\" style=\"font-size:30px\"><strong>Comment s&rsquo;y rendre<\/strong><\/h3>\n\n\n\n<p class=\"has-medium-font-size\">Le Saussurea se trouve \u00e0 Courmayeur, au lieu-dit Pavillon du Mont Fr\u00e9ty \u00e0 2 175 m\u00e8tres d&rsquo;altitude, \u00e0 proximit\u00e9 de la premi\u00e8re station du t\u00e9l\u00e9ph\u00e9rique Skyway Monte Bianco. Le moyen le plus simple et spectaculaire pour l&rsquo;atteindre est le t\u00e9l\u00e9ph\u00e9rique Skyway, qui part de Pontal d&rsquo;Entr\u00e8ves et monte jusqu&rsquo;\u00e0 la Pointe Helbronner \u00e0 3 564 m\u00e8tres. Le billet d&rsquo;entr\u00e9e au jardin est inclus dans le titre de transport du Skyway Monte Bianco.<\/p>\n\n\n\n<p class=\"has-medium-font-size\">Alternativement, le jardin est accessible \u00e0 pied depuis le refuge La Palud \u00e0 Courmayeur par le sentier n\u00b0 20 (environ 2 heures et 30 minutes de marche).<\/p>\n\n\n\n<p class=\"has-medium-font-size\">Le Jardin Alpin Saussurea est ouvert du 20 juin au 20 septembre de 9 h 00 \u00e0 17 h 00, avec une ouverture prolong\u00e9e jusqu&rsquo;\u00e0 17 h 30 en juillet et ao\u00fbt. La p\u00e9riode de floraison maximale s&rsquo;\u00e9tend de fin juillet \u00e0 mi-ao\u00fbt.<\/p>\n\n\n\n<h3 class=\"wp-block-heading has-black-color has-text-color has-link-color wp-elements-cb1fef59a1becdfb78e5539f0c05b2f5\" style=\"font-size:30px\"><strong>Les quatre jardins botaniques vald\u00f4tains : un r\u00e9seau unique<\/strong><\/h3>\n\n\n\n<p class=\"has-medium-font-size\">Le Saussurea compl\u00e8te le r\u00e9seau des quatre jardins botaniques alpines de la Vall\u00e9e d&rsquo;Aoste, aux c\u00f4t\u00e9s de la Chanousia au Col du Petit-Saint-Bernard, de Paradisia \u00e0 Cogne et du jardin du Castel Savoia \u00e0 Gressoney-Saint-Jean, reli\u00e9s par le projet JardinAlps dans un r\u00e9seau \u00e9tendu aux Alpes fran\u00e7aises et maritimes.<\/p>\n\n\n\n<p class=\"has-medium-font-size\">Quatre jardins, quatre histoires diff\u00e9rentes, quatre fa\u00e7ons de transmettre la m\u00eame passion : l&rsquo;incroyable biodiversit\u00e9 botanique des Alpes vald\u00f4taines. Une biodiversit\u00e9 que le Mus\u00e9e r\u00e9gional de Sciences naturelles Efisio Noussan de Saint-Pierre \u00e9tudie, pr\u00e9serve et met en valeur chaque jour \u00e0 travers ses collections et ses laboratoires de recherche.<\/p>\n\n\n\n<p class=\"has-medium-font-size\">Visiter le Mus\u00e9e de Saint-Pierre puis monter au Saussurea avec le Skyway constitue un voyage complet : de la connaissance scientifique de la nature alpine jusqu&rsquo;\u00e0 son expression la plus \u00e9lev\u00e9e, litt\u00e9ralement, sur les pentes du Mont-Blanc.<\/p>\n\n\n\n<div style=\"height:100px\" aria-hidden=\"true\" class=\"wp-block-spacer\"><\/div>\n\n\n\n<p><\/p>\n","protected":false},"excerpt":{"rendered":"<p>\u00c0 2 175 m\u00e8tres d&rsquo;altitude sur le Pavillon du Mont Fr\u00e9ty, accessible par le t\u00e9l\u00e9ph\u00e9rique Skyway Monte Bianco : Saussurea est le quatri\u00e8me et le plus spectaculaire des jardins botaniques alpines de la Vall\u00e9e d&rsquo;Aoste. Il existe un endroit en Vall\u00e9e d&rsquo;Aoste o\u00f9 l&rsquo;on marche parmi les fleurs avec le Mont-Blanc en toile de fond. &hellip; <a href=\"https:\/\/museoscienze.vda.it\/fr\/le-jardin-botanique-alpin-saussurea\/\">Leggi di pi\u00f9<\/a><\/p>\n","protected":false},"author":11,"featured_media":85204,"comment_status":"closed","ping_status":"closed","sticky":true,"template":"","format":"standard","meta":{"_acf_changed":false,"footnotes":""},"categories":[9257,52,53],"tags":[18011,17980,17983,17819,17699,17853],"news_category":[17513,17510],"news_expert":[],"news_type":[17520],"class_list":["post-85121","post","type-post","status-publish","format-standard","has-post-thumbnail","hentry","category-eventi-fr","category-homepage-fr","category-news-fr","tag-flora-fr","tag-giardino-botanico-alpino","tag-jardin-botanique-alpin","tag-musee","tag-natura-fr","tag-vallee-daoste","news_category-musee","news_category-nature","news_type-approfondissement"],"acf":[],"yoast_head":"<!-- This site is optimized with the Yoast SEO plugin v26.8 - https:\/\/yoast.com\/product\/yoast-seo-wordpress\/ -->\n<title>Le Jardin Botanique Alpin Saussurea - Museo Regionale di Scienze Naturali Efisio Noussan<\/title>\n<meta name=\"robots\" content=\"index, follow, max-snippet:-1, max-image-preview:large, max-video-preview:-1\" \/>\n<link rel=\"canonical\" href=\"https:\/\/museoscienze.vda.it\/fr\/le-jardin-botanique-alpin-saussurea\/\" \/>\n<meta property=\"og:locale\" content=\"fr_FR\" \/>\n<meta property=\"og:type\" content=\"article\" \/>\n<meta property=\"og:title\" content=\"Le Jardin Botanique Alpin Saussurea - Museo Regionale di Scienze Naturali Efisio Noussan\" \/>\n<meta property=\"og:description\" content=\"\u00c0 2 175 m\u00e8tres d&rsquo;altitude sur le Pavillon du Mont Fr\u00e9ty, accessible par le t\u00e9l\u00e9ph\u00e9rique Skyway Monte Bianco : Saussurea est le quatri\u00e8me et le plus spectaculaire des jardins botaniques alpines de la Vall\u00e9e d&rsquo;Aoste. Il existe un endroit en Vall\u00e9e d&rsquo;Aoste o\u00f9 l&rsquo;on marche parmi les fleurs avec le Mont-Blanc en toile de fond. &hellip; Leggi di pi\u00f9\" \/>\n<meta property=\"og:url\" content=\"https:\/\/museoscienze.vda.it\/fr\/le-jardin-botanique-alpin-saussurea\/\" \/>\n<meta property=\"og:site_name\" content=\"Museo Regionale di Scienze Naturali Efisio Noussan\" \/>\n<meta property=\"article:published_time\" content=\"2026-09-03T07:34:00+00:00\" \/>\n<meta property=\"article:modified_time\" content=\"2026-09-03T07:37:33+00:00\" \/>\n<meta property=\"og:image\" content=\"https:\/\/museoscienze.vda.it\/wp-content\/uploads\/2026\/09\/Giardino-Saussurea_-foto-Antonio-Furingo-3-3000x2000.jpg\" \/>\n\t<meta property=\"og:image:width\" content=\"3000\" \/>\n\t<meta property=\"og:image:height\" content=\"2000\" \/>\n\t<meta property=\"og:image:type\" content=\"image\/jpeg\" \/>\n<meta name=\"author\" content=\"Valery Lombard\" \/>\n<meta name=\"twitter:card\" content=\"summary_large_image\" \/>\n<meta name=\"twitter:label1\" content=\"\u00c9crit par\" \/>\n\t<meta name=\"twitter:data1\" content=\"Valery Lombard\" \/>\n\t<meta name=\"twitter:label2\" content=\"Dur\u00e9e de lecture estim\u00e9e\" \/>\n\t<meta name=\"twitter:data2\" content=\"5 minutes\" \/>\n<script type=\"application\/ld+json\" class=\"yoast-schema-graph\">{\"@context\":\"https:\/\/schema.org\",\"@graph\":[{\"@type\":\"Article\",\"@id\":\"https:\/\/museoscienze.vda.it\/fr\/le-jardin-botanique-alpin-saussurea\/#article\",\"isPartOf\":{\"@id\":\"https:\/\/museoscienze.vda.it\/fr\/le-jardin-botanique-alpin-saussurea\/\"},\"author\":{\"name\":\"Valery Lombard\",\"@id\":\"https:\/\/museoscienze.vda.it\/#\/schema\/person\/911dc81afb8c931559d10d6d21f01a30\"},\"headline\":\"Le Jardin Botanique Alpin Saussurea\",\"datePublished\":\"2026-09-03T07:34:00+00:00\",\"dateModified\":\"2026-09-03T07:37:33+00:00\",\"mainEntityOfPage\":{\"@id\":\"https:\/\/museoscienze.vda.it\/fr\/le-jardin-botanique-alpin-saussurea\/\"},\"wordCount\":905,\"publisher\":{\"@id\":\"https:\/\/museoscienze.vda.it\/#organization\"},\"image\":{\"@id\":\"https:\/\/museoscienze.vda.it\/fr\/le-jardin-botanique-alpin-saussurea\/#primaryimage\"},\"thumbnailUrl\":\"https:\/\/museoscienze.vda.it\/wp-content\/uploads\/2026\/09\/Giardino-Saussurea_-foto-Antonio-Furingo-3.jpg\",\"keywords\":[\"flora\",\"giardino botanico alpino\",\"jardin botanique alpin\",\"mus\u00e9e\",\"natura\",\"Vall\u00e9e d'Aoste\"],\"articleSection\":[\"eventi\",\"homepage\",\"news\"],\"inLanguage\":\"fr-FR\"},{\"@type\":\"WebPage\",\"@id\":\"https:\/\/museoscienze.vda.it\/fr\/le-jardin-botanique-alpin-saussurea\/\",\"url\":\"https:\/\/museoscienze.vda.it\/fr\/le-jardin-botanique-alpin-saussurea\/\",\"name\":\"Le Jardin Botanique Alpin Saussurea - Museo Regionale di Scienze Naturali Efisio Noussan\",\"isPartOf\":{\"@id\":\"https:\/\/museoscienze.vda.it\/#website\"},\"primaryImageOfPage\":{\"@id\":\"https:\/\/museoscienze.vda.it\/fr\/le-jardin-botanique-alpin-saussurea\/#primaryimage\"},\"image\":{\"@id\":\"https:\/\/museoscienze.vda.it\/fr\/le-jardin-botanique-alpin-saussurea\/#primaryimage\"},\"thumbnailUrl\":\"https:\/\/museoscienze.vda.it\/wp-content\/uploads\/2026\/09\/Giardino-Saussurea_-foto-Antonio-Furingo-3.jpg\",\"datePublished\":\"2026-09-03T07:34:00+00:00\",\"dateModified\":\"2026-09-03T07:37:33+00:00\",\"breadcrumb\":{\"@id\":\"https:\/\/museoscienze.vda.it\/fr\/le-jardin-botanique-alpin-saussurea\/#breadcrumb\"},\"inLanguage\":\"fr-FR\",\"potentialAction\":[{\"@type\":\"ReadAction\",\"target\":[\"https:\/\/museoscienze.vda.it\/fr\/le-jardin-botanique-alpin-saussurea\/\"]}]},{\"@type\":\"ImageObject\",\"inLanguage\":\"fr-FR\",\"@id\":\"https:\/\/museoscienze.vda.it\/fr\/le-jardin-botanique-alpin-saussurea\/#primaryimage\",\"url\":\"https:\/\/museoscienze.vda.it\/wp-content\/uploads\/2026\/09\/Giardino-Saussurea_-foto-Antonio-Furingo-3.jpg\",\"contentUrl\":\"https:\/\/museoscienze.vda.it\/wp-content\/uploads\/2026\/09\/Giardino-Saussurea_-foto-Antonio-Furingo-3.jpg\",\"width\":6240,\"height\":4160},{\"@type\":\"BreadcrumbList\",\"@id\":\"https:\/\/museoscienze.vda.it\/fr\/le-jardin-botanique-alpin-saussurea\/#breadcrumb\",\"itemListElement\":[{\"@type\":\"ListItem\",\"position\":1,\"name\":\"Home\",\"item\":\"https:\/\/museoscienze.vda.it\/fr\/\"},{\"@type\":\"ListItem\",\"position\":2,\"name\":\"Le Jardin Botanique Alpin Saussurea\"}]},{\"@type\":\"WebSite\",\"@id\":\"https:\/\/museoscienze.vda.it\/#website\",\"url\":\"https:\/\/museoscienze.vda.it\/\",\"name\":\"Museo Regionale di Scienze Naturali Efisio Noussan\",\"description\":\"\",\"publisher\":{\"@id\":\"https:\/\/museoscienze.vda.it\/#organization\"},\"potentialAction\":[{\"@type\":\"SearchAction\",\"target\":{\"@type\":\"EntryPoint\",\"urlTemplate\":\"https:\/\/museoscienze.vda.it\/?s={search_term_string}\"},\"query-input\":{\"@type\":\"PropertyValueSpecification\",\"valueRequired\":true,\"valueName\":\"search_term_string\"}}],\"inLanguage\":\"fr-FR\"},{\"@type\":\"Organization\",\"@id\":\"https:\/\/museoscienze.vda.it\/#organization\",\"name\":\"Museo Regionale di Scienze Naturali Efisio Noussan\",\"url\":\"https:\/\/museoscienze.vda.it\/\",\"logo\":{\"@type\":\"ImageObject\",\"inLanguage\":\"fr-FR\",\"@id\":\"https:\/\/museoscienze.vda.it\/#\/schema\/logo\/image\/\",\"url\":\"https:\/\/museoscienze.vda.it\/wp-content\/uploads\/2023\/09\/logo_MuseoScienzeVDA_completo_rva.png\",\"contentUrl\":\"https:\/\/museoscienze.vda.it\/wp-content\/uploads\/2023\/09\/logo_MuseoScienzeVDA_completo_rva.png\",\"width\":1692,\"height\":646,\"caption\":\"Museo Regionale di Scienze Naturali Efisio Noussan\"},\"image\":{\"@id\":\"https:\/\/museoscienze.vda.it\/#\/schema\/logo\/image\/\"}},{\"@type\":\"Person\",\"@id\":\"https:\/\/museoscienze.vda.it\/#\/schema\/person\/911dc81afb8c931559d10d6d21f01a30\",\"name\":\"Valery Lombard\",\"url\":\"https:\/\/museoscienze.vda.it\/fr\/author\/v_lombard_vda\/\"}]}<\/script>\n<!-- \/ Yoast SEO plugin. -->","yoast_head_json":{"title":"Le Jardin Botanique Alpin Saussurea - Museo Regionale di Scienze Naturali Efisio Noussan","robots":{"index":"index","follow":"follow","max-snippet":"max-snippet:-1","max-image-preview":"max-image-preview:large","max-video-preview":"max-video-preview:-1"},"canonical":"https:\/\/museoscienze.vda.it\/fr\/le-jardin-botanique-alpin-saussurea\/","og_locale":"fr_FR","og_type":"article","og_title":"Le Jardin Botanique Alpin Saussurea - Museo Regionale di Scienze Naturali Efisio Noussan","og_description":"\u00c0 2 175 m\u00e8tres d&rsquo;altitude sur le Pavillon du Mont Fr\u00e9ty, accessible par le t\u00e9l\u00e9ph\u00e9rique Skyway Monte Bianco : Saussurea est le quatri\u00e8me et le plus spectaculaire des jardins botaniques alpines de la Vall\u00e9e d&rsquo;Aoste. Il existe un endroit en Vall\u00e9e d&rsquo;Aoste o\u00f9 l&rsquo;on marche parmi les fleurs avec le Mont-Blanc en toile de fond. &hellip; Leggi di pi\u00f9","og_url":"https:\/\/museoscienze.vda.it\/fr\/le-jardin-botanique-alpin-saussurea\/","og_site_name":"Museo Regionale di Scienze Naturali Efisio Noussan","article_published_time":"2026-09-03T07:34:00+00:00","article_modified_time":"2026-09-03T07:37:33+00:00","og_image":[{"width":3000,"height":2000,"url":"https:\/\/museoscienze.vda.it\/wp-content\/uploads\/2026\/09\/Giardino-Saussurea_-foto-Antonio-Furingo-3-3000x2000.jpg","type":"image\/jpeg"}],"author":"Valery Lombard","twitter_card":"summary_large_image","twitter_misc":{"\u00c9crit par":"Valery Lombard","Dur\u00e9e de lecture estim\u00e9e":"5 minutes"},"schema":{"@context":"https:\/\/schema.org","@graph":[{"@type":"Article","@id":"https:\/\/museoscienze.vda.it\/fr\/le-jardin-botanique-alpin-saussurea\/#article","isPartOf":{"@id":"https:\/\/museoscienze.vda.it\/fr\/le-jardin-botanique-alpin-saussurea\/"},"author":{"name":"Valery Lombard","@id":"https:\/\/museoscienze.vda.it\/#\/schema\/person\/911dc81afb8c931559d10d6d21f01a30"},"headline":"Le Jardin Botanique Alpin Saussurea","datePublished":"2026-09-03T07:34:00+00:00","dateModified":"2026-09-03T07:37:33+00:00","mainEntityOfPage":{"@id":"https:\/\/museoscienze.vda.it\/fr\/le-jardin-botanique-alpin-saussurea\/"},"wordCount":905,"publisher":{"@id":"https:\/\/museoscienze.vda.it\/#organization"},"image":{"@id":"https:\/\/museoscienze.vda.it\/fr\/le-jardin-botanique-alpin-saussurea\/#primaryimage"},"thumbnailUrl":"https:\/\/museoscienze.vda.it\/wp-content\/uploads\/2026\/09\/Giardino-Saussurea_-foto-Antonio-Furingo-3.jpg","keywords":["flora","giardino botanico alpino","jardin botanique alpin","mus\u00e9e","natura","Vall\u00e9e d'Aoste"],"articleSection":["eventi","homepage","news"],"inLanguage":"fr-FR"},{"@type":"WebPage","@id":"https:\/\/museoscienze.vda.it\/fr\/le-jardin-botanique-alpin-saussurea\/","url":"https:\/\/museoscienze.vda.it\/fr\/le-jardin-botanique-alpin-saussurea\/","name":"Le Jardin Botanique Alpin Saussurea - Museo Regionale di Scienze Naturali Efisio Noussan","isPartOf":{"@id":"https:\/\/museoscienze.vda.it\/#website"},"primaryImageOfPage":{"@id":"https:\/\/museoscienze.vda.it\/fr\/le-jardin-botanique-alpin-saussurea\/#primaryimage"},"image":{"@id":"https:\/\/museoscienze.vda.it\/fr\/le-jardin-botanique-alpin-saussurea\/#primaryimage"},"thumbnailUrl":"https:\/\/museoscienze.vda.it\/wp-content\/uploads\/2026\/09\/Giardino-Saussurea_-foto-Antonio-Furingo-3.jpg","datePublished":"2026-09-03T07:34:00+00:00","dateModified":"2026-09-03T07:37:33+00:00","breadcrumb":{"@id":"https:\/\/museoscienze.vda.it\/fr\/le-jardin-botanique-alpin-saussurea\/#breadcrumb"},"inLanguage":"fr-FR","potentialAction":[{"@type":"ReadAction","target":["https:\/\/museoscienze.vda.it\/fr\/le-jardin-botanique-alpin-saussurea\/"]}]},{"@type":"ImageObject","inLanguage":"fr-FR","@id":"https:\/\/museoscienze.vda.it\/fr\/le-jardin-botanique-alpin-saussurea\/#primaryimage","url":"https:\/\/museoscienze.vda.it\/wp-content\/uploads\/2026\/09\/Giardino-Saussurea_-foto-Antonio-Furingo-3.jpg","contentUrl":"https:\/\/museoscienze.vda.it\/wp-content\/uploads\/2026\/09\/Giardino-Saussurea_-foto-Antonio-Furingo-3.jpg","width":6240,"height":4160},{"@type":"BreadcrumbList","@id":"https:\/\/museoscienze.vda.it\/fr\/le-jardin-botanique-alpin-saussurea\/#breadcrumb","itemListElement":[{"@type":"ListItem","position":1,"name":"Home","item":"https:\/\/museoscienze.vda.it\/fr\/"},{"@type":"ListItem","position":2,"name":"Le Jardin Botanique Alpin Saussurea"}]},{"@type":"WebSite","@id":"https:\/\/museoscienze.vda.it\/#website","url":"https:\/\/museoscienze.vda.it\/","name":"Museo Regionale di Scienze Naturali Efisio Noussan","description":"","publisher":{"@id":"https:\/\/museoscienze.vda.it\/#organization"},"potentialAction":[{"@type":"SearchAction","target":{"@type":"EntryPoint","urlTemplate":"https:\/\/museoscienze.vda.it\/?s={search_term_string}"},"query-input":{"@type":"PropertyValueSpecification","valueRequired":true,"valueName":"search_term_string"}}],"inLanguage":"fr-FR"},{"@type":"Organization","@id":"https:\/\/museoscienze.vda.it\/#organization","name":"Museo Regionale di Scienze Naturali Efisio Noussan","url":"https:\/\/museoscienze.vda.it\/","logo":{"@type":"ImageObject","inLanguage":"fr-FR","@id":"https:\/\/museoscienze.vda.it\/#\/schema\/logo\/image\/","url":"https:\/\/museoscienze.vda.it\/wp-content\/uploads\/2023\/09\/logo_MuseoScienzeVDA_completo_rva.png","contentUrl":"https:\/\/museoscienze.vda.it\/wp-content\/uploads\/2023\/09\/logo_MuseoScienzeVDA_completo_rva.png","width":1692,"height":646,"caption":"Museo Regionale di Scienze Naturali Efisio Noussan"},"image":{"@id":"https:\/\/museoscienze.vda.it\/#\/schema\/logo\/image\/"}},{"@type":"Person","@id":"https:\/\/museoscienze.vda.it\/#\/schema\/person\/911dc81afb8c931559d10d6d21f01a30","name":"Valery Lombard","url":"https:\/\/museoscienze.vda.it\/fr\/author\/v_lombard_vda\/"}]}},"_links":{"self":[{"href":"https:\/\/museoscienze.vda.it\/fr\/wp-json\/wp\/v2\/posts\/85121","targetHints":{"allow":["GET"]}}],"collection":[{"href":"https:\/\/museoscienze.vda.it\/fr\/wp-json\/wp\/v2\/posts"}],"about":[{"href":"https:\/\/museoscienze.vda.it\/fr\/wp-json\/wp\/v2\/types\/post"}],"author":[{"embeddable":true,"href":"https:\/\/museoscienze.vda.it\/fr\/wp-json\/wp\/v2\/users\/11"}],"replies":[{"embeddable":true,"href":"https:\/\/museoscienze.vda.it\/fr\/wp-json\/wp\/v2\/comments?post=85121"}],"version-history":[{"count":3,"href":"https:\/\/museoscienze.vda.it\/fr\/wp-json\/wp\/v2\/posts\/85121\/revisions"}],"predecessor-version":[{"id":85207,"href":"https:\/\/museoscienze.vda.it\/fr\/wp-json\/wp\/v2\/posts\/85121\/revisions\/85207"}],"wp:featuredmedia":[{"embeddable":true,"href":"https:\/\/museoscienze.vda.it\/fr\/wp-json\/wp\/v2\/media\/85204"}],"wp:attachment":[{"href":"https:\/\/museoscienze.vda.it\/fr\/wp-json\/wp\/v2\/media?parent=85121"}],"wp:term":[{"taxonomy":"category","embeddable":true,"href":"https:\/\/museoscienze.vda.it\/fr\/wp-json\/wp\/v2\/categories?post=85121"},{"taxonomy":"post_tag","embeddable":true,"href":"https:\/\/museoscienze.vda.it\/fr\/wp-json\/wp\/v2\/tags?post=85121"},{"taxonomy":"news_category","embeddable":true,"href":"https:\/\/museoscienze.vda.it\/fr\/wp-json\/wp\/v2\/news_category?post=85121"},{"taxonomy":"news_expert","embeddable":true,"href":"https:\/\/museoscienze.vda.it\/fr\/wp-json\/wp\/v2\/news_expert?post=85121"},{"taxonomy":"news_type","embeddable":true,"href":"https:\/\/museoscienze.vda.it\/fr\/wp-json\/wp\/v2\/news_type?post=85121"}],"curies":[{"name":"wp","href":"https:\/\/api.w.org\/{rel}","templated":true}]}}