{"id":85113,"date":"2026-09-01T08:07:33","date_gmt":"2026-09-01T08:07:33","guid":{"rendered":"https:\/\/museoscienze.vda.it\/?p=85113"},"modified":"2026-09-01T08:12:06","modified_gmt":"2026-09-01T08:12:06","slug":"etudier-le-loup-grace-a-la-genetique","status":"publish","type":"post","link":"https:\/\/museoscienze.vda.it\/fr\/etudier-le-loup-grace-a-la-genetique\/","title":{"rendered":"\u00c9tudier le loup gr\u00e2ce \u00e0 la g\u00e9n\u00e9tique"},"content":{"rendered":"\r\n<p class=\"is-style-default has-medium-font-size\">Je m&rsquo;appelle Chaima Chifa et je suis en premi\u00e8re ann\u00e9e du Master Sciences du M\u00e9dicament et des Produits de Sant\u00e9 \u00e0 l&rsquo;Universit\u00e9 de Nantes.<\/p>\r\n\r\n\r\n\r\n<p class=\"is-style-default has-medium-font-size\">Dans le cadre de mon parcours d&rsquo;\u00e9tudes, j&rsquo;ai eu l&rsquo;opportunit\u00e9 d&rsquo;effectuer un stage au Laboratoire de Biotechnologies du Mus\u00e9e r\u00e9gional des Sciences naturelles Efisio Noussan.<\/p>\r\n\r\n\r\n\r\n<p class=\"is-style-default has-medium-font-size\">J&rsquo;ai travaill\u00e9 sur le projet de suivi g\u00e9n\u00e9tique non invasif du loup italien, une exp\u00e9rience qui m&rsquo;a permis de mettre en pratique ce que j&rsquo;avais \u00e9tudi\u00e9 \u00e0 l&rsquo;universit\u00e9 et d&rsquo;approcher concr\u00e8tement le monde de la recherche.<\/p>\r\n\r\n\r\n\r\n<div class=\"wp-block-spacer\" style=\"height: 37px;\" aria-hidden=\"true\">\u00a0<\/div>\r\n\r\n\r\n\r\n<figure class=\"wp-block-image size-full is-resized\"><img loading=\"lazy\" decoding=\"async\" width=\"950\" height=\"1655\" class=\"wp-image-85189\" style=\"width: 611px; height: auto;\" src=\"https:\/\/museoscienze.vda.it\/wp-content\/uploads\/2026\/09\/chaima-1.jpg\" alt=\"\" srcset=\"https:\/\/museoscienze.vda.it\/wp-content\/uploads\/2026\/09\/chaima-1.jpg 950w, https:\/\/museoscienze.vda.it\/wp-content\/uploads\/2026\/09\/chaima-1-551x960.jpg 551w, https:\/\/museoscienze.vda.it\/wp-content\/uploads\/2026\/09\/chaima-1-735x1280.jpg 735w, https:\/\/museoscienze.vda.it\/wp-content\/uploads\/2026\/09\/chaima-1-882x1536.jpg 882w\" sizes=\"auto, (max-width: 950px) 100vw, 950px\" \/><\/figure>\r\n\r\n\r\n\r\n<div class=\"wp-block-spacer\" style=\"height: 31px;\" aria-hidden=\"true\">\u00a0<\/div>\r\n\r\n\r\n\r\n<h2 class=\"wp-block-heading\" style=\"font-size: 30px;\"><strong>Pourquoi avez-vous choisi d&rsquo;effectuer votre stage au Mus\u00e9e r\u00e9gional des Sciences naturelles Efisio Noussan ?<\/strong><\/h2>\r\n\r\n\r\n\r\n<p class=\"is-style-default has-medium-font-size\">Lorsque j&rsquo;ai commenc\u00e9 \u00e0 chercher un stage, je voulais trouver un laboratoire o\u00f9 je pourrais acqu\u00e9rir une exp\u00e9rience pratique en biologie mol\u00e9culaire. Le projet sur le loup m&rsquo;a tout de suite sembl\u00e9 tr\u00e8s int\u00e9ressant car il associait g\u00e9n\u00e9tique, recherche et protection de l&rsquo;environnement.<\/p>\r\n\r\n\r\n\r\n<p class=\"is-style-default has-medium-font-size\">J&rsquo;\u00e9tais curieuse de l&rsquo;id\u00e9e qu&rsquo;\u00e0 partir d&rsquo;\u00e9chantillons pr\u00e9lev\u00e9s sur le terrain, il soit possible d&rsquo;obtenir des informations importantes sur la population de loups pr\u00e9sente en Vall\u00e9e d&rsquo;Aoste. De plus, le laboratoire du Mus\u00e9e m&rsquo;offrait la possibilit\u00e9 d&rsquo;apprendre des techniques que j&rsquo;avais principalement \u00e9tudi\u00e9es au niveau th\u00e9orique.<\/p>\r\n\r\n\r\n\r\n<div class=\"wp-block-spacer\" style=\"height: 30px;\" aria-hidden=\"true\">\u00a0<\/div>\r\n\r\n\r\n\r\n<h2 class=\"wp-block-heading\" style=\"font-size: 30px;\"><strong>Quel \u00e9tait l&rsquo;objectif de votre stage dans le cadre de votre cursus universitaire ?<\/strong><\/h2>\r\n\r\n\r\n\r\n<p class=\"is-style-default has-medium-font-size\">L&rsquo;objectif principal \u00e9tait d&rsquo;approfondir les techniques de laboratoire et de comprendre comment elles sont appliqu\u00e9es dans la recherche scientifique.<\/p>\r\n\r\n\r\n\r\n<p class=\"is-style-default has-medium-font-size\">Durant mon stage, j&rsquo;ai travaill\u00e9 sur l&rsquo;analyse d&rsquo;\u00e9chantillons biologiques pr\u00e9lev\u00e9s de mani\u00e8re non invasive, en m&rsquo;occupant de l&rsquo;extraction d&rsquo;ADN, de la PCR et des analyses g\u00e9n\u00e9tiques qui ont suivi.<\/p>\r\n\r\n\r\n\r\n<p class=\"is-style-default has-medium-font-size\">Cela a \u00e9t\u00e9 un moyen concret de d\u00e9velopper des comp\u00e9tences utiles non seulement pour la recherche sur la faune sauvage, mais aussi dans le secteur des biotechnologies et de la biologie mol\u00e9culaire, qui repr\u00e9sentent les domaines dans lesquels je souhaiterais travailler \u00e0 l&rsquo;avenir.<\/p>\r\n\r\n\r\n\r\n<div class=\"wp-block-spacer\" style=\"height: 30px;\" aria-hidden=\"true\">\u00a0<\/div>\r\n\r\n\r\n\r\n<h2 class=\"wp-block-heading\" style=\"font-size: 30px;\"><strong>Pouvez-vous nous raconter votre exp\u00e9rience au Mus\u00e9e ?<\/strong><\/h2>\r\n\r\n\r\n\r\n<p class=\"is-style-default has-medium-font-size\">Ce fut une exp\u00e9rience tr\u00e8s positive. Au d\u00e9but, j&rsquo;\u00e9tais enthousiaste car c&rsquo;\u00e9tait la premi\u00e8re fois que je travaillais pendant plusieurs mois dans un laboratoire de recherche, mais d\u00e8s les premiers jours, je me suis sentie bien accueillie et encadr\u00e9e.<\/p>\r\n\r\n\r\n\r\n<p class=\"is-style-default has-medium-font-size\">J&rsquo;ai appris \u00e0 utiliser les diff\u00e9rents instruments du laboratoire, \u00e0 suivre rigoureusement les protocoles et \u00e0 comprendre l&rsquo;importance de la pr\u00e9cision lorsque l&rsquo;on travaille avec des \u00e9chantillons biologiques. J&rsquo;ai aussi aim\u00e9 voir comment chaque \u00e9tape du travail contribue \u00e0 l&rsquo;obtention de r\u00e9sultats fiables.<\/p>\r\n\r\n\r\n\r\n<p class=\"is-style-default has-medium-font-size\">Chaque jour \u00e9tait une occasion d&rsquo;apprendre quelque chose de nouveau.<\/p>\r\n\r\n\r\n\r\n<div class=\"wp-block-spacer\" style=\"height: 30px;\" aria-hidden=\"true\">\u00a0<\/div>\r\n\r\n\r\n\r\n<h2 class=\"wp-block-heading\" style=\"font-size: 30px;\"><strong>Que vous a apport\u00e9 cette exp\u00e9rience sur le plan professionnel et personnel ?<\/strong><\/h2>\r\n\r\n\r\n\r\n<p class=\"is-style-default has-medium-font-size\">Ce stage m&rsquo;a fait \u00e9norm\u00e9ment grandir.<\/p>\r\n\r\n\r\n\r\n<p class=\"is-style-default has-medium-font-size\">Du point de vue professionnel, j&rsquo;ai acquis une plus grande assurance dans les techniques de laboratoire et j&rsquo;ai appris \u00e0 travailler de mani\u00e8re plus autonome.<\/p>\r\n\r\n\r\n\r\n<p class=\"is-style-default has-medium-font-size\">Du point de vue personnel, j&rsquo;ai compris \u00e0 quel point la patience, l&rsquo;organisation et l&rsquo;\u00e9change avec les coll\u00e8gues sont importants.<\/p>\r\n\r\n\r\n\r\n<p class=\"is-style-default has-medium-font-size\">C&rsquo;est aussi une exp\u00e9rience qui m&rsquo;a donn\u00e9 plus confiance en mes capacit\u00e9s et m&rsquo;a fait r\u00e9aliser que la recherche est un environnement dans lequel je me sens \u00e0 mon aise.<\/p>\r\n\r\n\r\n\r\n<div class=\"wp-block-spacer\" style=\"height: 30px;\" aria-hidden=\"true\">\u00a0<\/div>\r\n\r\n\r\n\r\n<h2 class=\"wp-block-heading\" style=\"font-size: 30px;\"><strong><strong>Pensez-vous que cette exp\u00e9rience influencera vos futurs choix professionnels ?<\/strong><\/strong><\/h2>\r\n\r\n\r\n\r\n<p class=\"is-style-default has-medium-font-size\">Avant de commencer ce stage, j&rsquo;\u00e9tais d\u00e9j\u00e0 int\u00e9ress\u00e9e par la biologie mol\u00e9culaire, mais cette exp\u00e9rience a encore plus renforc\u00e9 cette passion.<\/p>\r\n\r\n\r\n\r\n<p class=\"is-style-default has-medium-font-size\">J&rsquo;aimerais poursuivre mon parcours dans un laboratoire de recherche ou dans une entreprise du secteur biotechnologique ou pharmaceutique, o\u00f9 je pourrai mettre \u00e0 profit les comp\u00e9tences que je suis en train d&rsquo;acqu\u00e9rir pendant mon Master.<\/p>\r\n\r\n\r\n\r\n<p class=\"is-style-default has-medium-font-size\">Je pense que ce stage a \u00e9t\u00e9 une \u00e9tape importante pour mieux comprendre quelle direction je souhaite donner \u00e0 mon avenir professionnel.<\/p>\r\n\r\n\r\n\r\n<div class=\"wp-block-spacer\" style=\"height: 30px;\" aria-hidden=\"true\">\u00a0<\/div>\r\n\r\n\r\n\r\n<p class=\"is-style-default has-medium-font-size\">\u00a0<\/p>\r\n\r\n\r\n\r\n<div class=\"wp-block-spacer\" style=\"height: 100px;\" aria-hidden=\"true\">\u00a0<\/div>\r\n","protected":false},"excerpt":{"rendered":"<p>Je m&rsquo;appelle Chaima Chifa et je suis en premi\u00e8re ann\u00e9e du Master Sciences du M\u00e9dicament et des Produits de Sant\u00e9 \u00e0 l&rsquo;Universit\u00e9 de Nantes. Dans le cadre de mon parcours d&rsquo;\u00e9tudes, j&rsquo;ai eu l&rsquo;opportunit\u00e9 d&rsquo;effectuer un stage au Laboratoire de Biotechnologies du Mus\u00e9e r\u00e9gional des Sciences naturelles Efisio Noussan. J&rsquo;ai travaill\u00e9 sur le projet de &hellip; <a href=\"https:\/\/museoscienze.vda.it\/fr\/etudier-le-loup-grace-a-la-genetique\/\">Leggi di pi\u00f9<\/a><\/p>\n","protected":false},"author":11,"featured_media":85186,"comment_status":"closed","ping_status":"closed","sticky":true,"template":"","format":"standard","meta":{"_acf_changed":false,"footnotes":""},"categories":[52,53],"tags":[17561,18033,17819,17599,18031,17644,17645,17853],"news_category":[17513],"news_expert":[],"news_type":[17523],"class_list":["post-85113","post","type-post","status-publish","format-standard","has-post-thumbnail","hentry","category-homepage-fr","category-news-fr","tag-dna-fr","tag-loup","tag-musee","tag-ricerca-scientifica-fr","tag-stage","tag-tesi-di-laurea-fr","tag-tirocinio-formativo-fr","tag-vallee-daoste","news_category-musee","news_type-interview-fr"],"acf":[],"yoast_head":"<!-- This site is optimized with the Yoast SEO plugin v26.8 - https:\/\/yoast.com\/product\/yoast-seo-wordpress\/ -->\n<title>\u00c9tudier le loup gr\u00e2ce \u00e0 la g\u00e9n\u00e9tique - Museo Regionale di Scienze Naturali Efisio Noussan<\/title>\n<meta name=\"robots\" content=\"index, follow, max-snippet:-1, max-image-preview:large, max-video-preview:-1\" \/>\n<link rel=\"canonical\" href=\"https:\/\/museoscienze.vda.it\/fr\/etudier-le-loup-grace-a-la-genetique\/\" \/>\n<meta property=\"og:locale\" content=\"fr_FR\" \/>\n<meta property=\"og:type\" content=\"article\" \/>\n<meta property=\"og:title\" content=\"\u00c9tudier le loup gr\u00e2ce \u00e0 la g\u00e9n\u00e9tique - Museo Regionale di Scienze Naturali Efisio Noussan\" \/>\n<meta property=\"og:description\" content=\"Je m&rsquo;appelle Chaima Chifa et je suis en premi\u00e8re ann\u00e9e du Master Sciences du M\u00e9dicament et des Produits de Sant\u00e9 \u00e0 l&rsquo;Universit\u00e9 de Nantes. Dans le cadre de mon parcours d&rsquo;\u00e9tudes, j&rsquo;ai eu l&rsquo;opportunit\u00e9 d&rsquo;effectuer un stage au Laboratoire de Biotechnologies du Mus\u00e9e r\u00e9gional des Sciences naturelles Efisio Noussan. J&rsquo;ai travaill\u00e9 sur le projet de &hellip; Leggi di pi\u00f9\" \/>\n<meta property=\"og:url\" content=\"https:\/\/museoscienze.vda.it\/fr\/etudier-le-loup-grace-a-la-genetique\/\" \/>\n<meta property=\"og:site_name\" content=\"Museo Regionale di Scienze Naturali Efisio Noussan\" \/>\n<meta property=\"article:published_time\" content=\"2026-09-01T08:07:33+00:00\" \/>\n<meta property=\"article:modified_time\" content=\"2026-09-01T08:12:06+00:00\" \/>\n<meta property=\"og:image\" content=\"https:\/\/museoscienze.vda.it\/wp-content\/uploads\/2026\/09\/Lupo.jpg\" \/>\n\t<meta property=\"og:image:width\" content=\"3147\" \/>\n\t<meta property=\"og:image:height\" content=\"2098\" \/>\n\t<meta property=\"og:image:type\" content=\"image\/jpeg\" \/>\n<meta name=\"author\" content=\"Valery Lombard\" \/>\n<meta name=\"twitter:card\" content=\"summary_large_image\" \/>\n<meta name=\"twitter:label1\" content=\"\u00c9crit par\" \/>\n\t<meta name=\"twitter:data1\" content=\"Valery Lombard\" \/>\n\t<meta name=\"twitter:label2\" content=\"Dur\u00e9e de lecture estim\u00e9e\" \/>\n\t<meta name=\"twitter:data2\" content=\"4 minutes\" \/>\n<script type=\"application\/ld+json\" class=\"yoast-schema-graph\">{\"@context\":\"https:\/\/schema.org\",\"@graph\":[{\"@type\":\"Article\",\"@id\":\"https:\/\/museoscienze.vda.it\/fr\/etudier-le-loup-grace-a-la-genetique\/#article\",\"isPartOf\":{\"@id\":\"https:\/\/museoscienze.vda.it\/fr\/etudier-le-loup-grace-a-la-genetique\/\"},\"author\":{\"name\":\"Valery Lombard\",\"@id\":\"https:\/\/museoscienze.vda.it\/#\/schema\/person\/911dc81afb8c931559d10d6d21f01a30\"},\"headline\":\"\u00c9tudier le loup gr\u00e2ce \u00e0 la g\u00e9n\u00e9tique\",\"datePublished\":\"2026-09-01T08:07:33+00:00\",\"dateModified\":\"2026-09-01T08:12:06+00:00\",\"mainEntityOfPage\":{\"@id\":\"https:\/\/museoscienze.vda.it\/fr\/etudier-le-loup-grace-a-la-genetique\/\"},\"wordCount\":682,\"publisher\":{\"@id\":\"https:\/\/museoscienze.vda.it\/#organization\"},\"image\":{\"@id\":\"https:\/\/museoscienze.vda.it\/fr\/etudier-le-loup-grace-a-la-genetique\/#primaryimage\"},\"thumbnailUrl\":\"https:\/\/museoscienze.vda.it\/wp-content\/uploads\/2026\/09\/Lupo.jpg\",\"keywords\":[\"ADN\",\"loup\",\"mus\u00e9e\",\"Ricerca scientifica\",\"stage\",\"tesi di laurea\",\"tirocinio formativo\",\"Vall\u00e9e d'Aoste\"],\"articleSection\":[\"homepage\",\"news\"],\"inLanguage\":\"fr-FR\"},{\"@type\":\"WebPage\",\"@id\":\"https:\/\/museoscienze.vda.it\/fr\/etudier-le-loup-grace-a-la-genetique\/\",\"url\":\"https:\/\/museoscienze.vda.it\/fr\/etudier-le-loup-grace-a-la-genetique\/\",\"name\":\"\u00c9tudier le loup gr\u00e2ce \u00e0 la g\u00e9n\u00e9tique - Museo Regionale di Scienze Naturali Efisio Noussan\",\"isPartOf\":{\"@id\":\"https:\/\/museoscienze.vda.it\/#website\"},\"primaryImageOfPage\":{\"@id\":\"https:\/\/museoscienze.vda.it\/fr\/etudier-le-loup-grace-a-la-genetique\/#primaryimage\"},\"image\":{\"@id\":\"https:\/\/museoscienze.vda.it\/fr\/etudier-le-loup-grace-a-la-genetique\/#primaryimage\"},\"thumbnailUrl\":\"https:\/\/museoscienze.vda.it\/wp-content\/uploads\/2026\/09\/Lupo.jpg\",\"datePublished\":\"2026-09-01T08:07:33+00:00\",\"dateModified\":\"2026-09-01T08:12:06+00:00\",\"breadcrumb\":{\"@id\":\"https:\/\/museoscienze.vda.it\/fr\/etudier-le-loup-grace-a-la-genetique\/#breadcrumb\"},\"inLanguage\":\"fr-FR\",\"potentialAction\":[{\"@type\":\"ReadAction\",\"target\":[\"https:\/\/museoscienze.vda.it\/fr\/etudier-le-loup-grace-a-la-genetique\/\"]}]},{\"@type\":\"ImageObject\",\"inLanguage\":\"fr-FR\",\"@id\":\"https:\/\/museoscienze.vda.it\/fr\/etudier-le-loup-grace-a-la-genetique\/#primaryimage\",\"url\":\"https:\/\/museoscienze.vda.it\/wp-content\/uploads\/2026\/09\/Lupo.jpg\",\"contentUrl\":\"https:\/\/museoscienze.vda.it\/wp-content\/uploads\/2026\/09\/Lupo.jpg\",\"width\":3147,\"height\":2098},{\"@type\":\"BreadcrumbList\",\"@id\":\"https:\/\/museoscienze.vda.it\/fr\/etudier-le-loup-grace-a-la-genetique\/#breadcrumb\",\"itemListElement\":[{\"@type\":\"ListItem\",\"position\":1,\"name\":\"Home\",\"item\":\"https:\/\/museoscienze.vda.it\/fr\/\"},{\"@type\":\"ListItem\",\"position\":2,\"name\":\"\u00c9tudier le loup gr\u00e2ce \u00e0 la g\u00e9n\u00e9tique\"}]},{\"@type\":\"WebSite\",\"@id\":\"https:\/\/museoscienze.vda.it\/#website\",\"url\":\"https:\/\/museoscienze.vda.it\/\",\"name\":\"Museo Regionale di Scienze Naturali Efisio Noussan\",\"description\":\"\",\"publisher\":{\"@id\":\"https:\/\/museoscienze.vda.it\/#organization\"},\"potentialAction\":[{\"@type\":\"SearchAction\",\"target\":{\"@type\":\"EntryPoint\",\"urlTemplate\":\"https:\/\/museoscienze.vda.it\/?s={search_term_string}\"},\"query-input\":{\"@type\":\"PropertyValueSpecification\",\"valueRequired\":true,\"valueName\":\"search_term_string\"}}],\"inLanguage\":\"fr-FR\"},{\"@type\":\"Organization\",\"@id\":\"https:\/\/museoscienze.vda.it\/#organization\",\"name\":\"Museo Regionale di Scienze Naturali Efisio Noussan\",\"url\":\"https:\/\/museoscienze.vda.it\/\",\"logo\":{\"@type\":\"ImageObject\",\"inLanguage\":\"fr-FR\",\"@id\":\"https:\/\/museoscienze.vda.it\/#\/schema\/logo\/image\/\",\"url\":\"https:\/\/museoscienze.vda.it\/wp-content\/uploads\/2023\/09\/logo_MuseoScienzeVDA_completo_rva.png\",\"contentUrl\":\"https:\/\/museoscienze.vda.it\/wp-content\/uploads\/2023\/09\/logo_MuseoScienzeVDA_completo_rva.png\",\"width\":1692,\"height\":646,\"caption\":\"Museo Regionale di Scienze Naturali Efisio Noussan\"},\"image\":{\"@id\":\"https:\/\/museoscienze.vda.it\/#\/schema\/logo\/image\/\"}},{\"@type\":\"Person\",\"@id\":\"https:\/\/museoscienze.vda.it\/#\/schema\/person\/911dc81afb8c931559d10d6d21f01a30\",\"name\":\"Valery Lombard\",\"url\":\"https:\/\/museoscienze.vda.it\/fr\/author\/v_lombard_vda\/\"}]}<\/script>\n<!-- \/ Yoast SEO plugin. -->","yoast_head_json":{"title":"\u00c9tudier le loup gr\u00e2ce \u00e0 la g\u00e9n\u00e9tique - Museo Regionale di Scienze Naturali Efisio Noussan","robots":{"index":"index","follow":"follow","max-snippet":"max-snippet:-1","max-image-preview":"max-image-preview:large","max-video-preview":"max-video-preview:-1"},"canonical":"https:\/\/museoscienze.vda.it\/fr\/etudier-le-loup-grace-a-la-genetique\/","og_locale":"fr_FR","og_type":"article","og_title":"\u00c9tudier le loup gr\u00e2ce \u00e0 la g\u00e9n\u00e9tique - Museo Regionale di Scienze Naturali Efisio Noussan","og_description":"Je m&rsquo;appelle Chaima Chifa et je suis en premi\u00e8re ann\u00e9e du Master Sciences du M\u00e9dicament et des Produits de Sant\u00e9 \u00e0 l&rsquo;Universit\u00e9 de Nantes. Dans le cadre de mon parcours d&rsquo;\u00e9tudes, j&rsquo;ai eu l&rsquo;opportunit\u00e9 d&rsquo;effectuer un stage au Laboratoire de Biotechnologies du Mus\u00e9e r\u00e9gional des Sciences naturelles Efisio Noussan. J&rsquo;ai travaill\u00e9 sur le projet de &hellip; Leggi di pi\u00f9","og_url":"https:\/\/museoscienze.vda.it\/fr\/etudier-le-loup-grace-a-la-genetique\/","og_site_name":"Museo Regionale di Scienze Naturali Efisio Noussan","article_published_time":"2026-09-01T08:07:33+00:00","article_modified_time":"2026-09-01T08:12:06+00:00","og_image":[{"width":3147,"height":2098,"url":"https:\/\/museoscienze.vda.it\/wp-content\/uploads\/2026\/09\/Lupo.jpg","type":"image\/jpeg"}],"author":"Valery Lombard","twitter_card":"summary_large_image","twitter_misc":{"\u00c9crit par":"Valery Lombard","Dur\u00e9e de lecture estim\u00e9e":"4 minutes"},"schema":{"@context":"https:\/\/schema.org","@graph":[{"@type":"Article","@id":"https:\/\/museoscienze.vda.it\/fr\/etudier-le-loup-grace-a-la-genetique\/#article","isPartOf":{"@id":"https:\/\/museoscienze.vda.it\/fr\/etudier-le-loup-grace-a-la-genetique\/"},"author":{"name":"Valery Lombard","@id":"https:\/\/museoscienze.vda.it\/#\/schema\/person\/911dc81afb8c931559d10d6d21f01a30"},"headline":"\u00c9tudier le loup gr\u00e2ce \u00e0 la g\u00e9n\u00e9tique","datePublished":"2026-09-01T08:07:33+00:00","dateModified":"2026-09-01T08:12:06+00:00","mainEntityOfPage":{"@id":"https:\/\/museoscienze.vda.it\/fr\/etudier-le-loup-grace-a-la-genetique\/"},"wordCount":682,"publisher":{"@id":"https:\/\/museoscienze.vda.it\/#organization"},"image":{"@id":"https:\/\/museoscienze.vda.it\/fr\/etudier-le-loup-grace-a-la-genetique\/#primaryimage"},"thumbnailUrl":"https:\/\/museoscienze.vda.it\/wp-content\/uploads\/2026\/09\/Lupo.jpg","keywords":["ADN","loup","mus\u00e9e","Ricerca scientifica","stage","tesi di laurea","tirocinio formativo","Vall\u00e9e d'Aoste"],"articleSection":["homepage","news"],"inLanguage":"fr-FR"},{"@type":"WebPage","@id":"https:\/\/museoscienze.vda.it\/fr\/etudier-le-loup-grace-a-la-genetique\/","url":"https:\/\/museoscienze.vda.it\/fr\/etudier-le-loup-grace-a-la-genetique\/","name":"\u00c9tudier le loup gr\u00e2ce \u00e0 la g\u00e9n\u00e9tique - Museo Regionale di Scienze Naturali Efisio Noussan","isPartOf":{"@id":"https:\/\/museoscienze.vda.it\/#website"},"primaryImageOfPage":{"@id":"https:\/\/museoscienze.vda.it\/fr\/etudier-le-loup-grace-a-la-genetique\/#primaryimage"},"image":{"@id":"https:\/\/museoscienze.vda.it\/fr\/etudier-le-loup-grace-a-la-genetique\/#primaryimage"},"thumbnailUrl":"https:\/\/museoscienze.vda.it\/wp-content\/uploads\/2026\/09\/Lupo.jpg","datePublished":"2026-09-01T08:07:33+00:00","dateModified":"2026-09-01T08:12:06+00:00","breadcrumb":{"@id":"https:\/\/museoscienze.vda.it\/fr\/etudier-le-loup-grace-a-la-genetique\/#breadcrumb"},"inLanguage":"fr-FR","potentialAction":[{"@type":"ReadAction","target":["https:\/\/museoscienze.vda.it\/fr\/etudier-le-loup-grace-a-la-genetique\/"]}]},{"@type":"ImageObject","inLanguage":"fr-FR","@id":"https:\/\/museoscienze.vda.it\/fr\/etudier-le-loup-grace-a-la-genetique\/#primaryimage","url":"https:\/\/museoscienze.vda.it\/wp-content\/uploads\/2026\/09\/Lupo.jpg","contentUrl":"https:\/\/museoscienze.vda.it\/wp-content\/uploads\/2026\/09\/Lupo.jpg","width":3147,"height":2098},{"@type":"BreadcrumbList","@id":"https:\/\/museoscienze.vda.it\/fr\/etudier-le-loup-grace-a-la-genetique\/#breadcrumb","itemListElement":[{"@type":"ListItem","position":1,"name":"Home","item":"https:\/\/museoscienze.vda.it\/fr\/"},{"@type":"ListItem","position":2,"name":"\u00c9tudier le loup gr\u00e2ce \u00e0 la g\u00e9n\u00e9tique"}]},{"@type":"WebSite","@id":"https:\/\/museoscienze.vda.it\/#website","url":"https:\/\/museoscienze.vda.it\/","name":"Museo Regionale di Scienze Naturali Efisio Noussan","description":"","publisher":{"@id":"https:\/\/museoscienze.vda.it\/#organization"},"potentialAction":[{"@type":"SearchAction","target":{"@type":"EntryPoint","urlTemplate":"https:\/\/museoscienze.vda.it\/?s={search_term_string}"},"query-input":{"@type":"PropertyValueSpecification","valueRequired":true,"valueName":"search_term_string"}}],"inLanguage":"fr-FR"},{"@type":"Organization","@id":"https:\/\/museoscienze.vda.it\/#organization","name":"Museo Regionale di Scienze Naturali Efisio Noussan","url":"https:\/\/museoscienze.vda.it\/","logo":{"@type":"ImageObject","inLanguage":"fr-FR","@id":"https:\/\/museoscienze.vda.it\/#\/schema\/logo\/image\/","url":"https:\/\/museoscienze.vda.it\/wp-content\/uploads\/2023\/09\/logo_MuseoScienzeVDA_completo_rva.png","contentUrl":"https:\/\/museoscienze.vda.it\/wp-content\/uploads\/2023\/09\/logo_MuseoScienzeVDA_completo_rva.png","width":1692,"height":646,"caption":"Museo Regionale di Scienze Naturali Efisio Noussan"},"image":{"@id":"https:\/\/museoscienze.vda.it\/#\/schema\/logo\/image\/"}},{"@type":"Person","@id":"https:\/\/museoscienze.vda.it\/#\/schema\/person\/911dc81afb8c931559d10d6d21f01a30","name":"Valery Lombard","url":"https:\/\/museoscienze.vda.it\/fr\/author\/v_lombard_vda\/"}]}},"_links":{"self":[{"href":"https:\/\/museoscienze.vda.it\/fr\/wp-json\/wp\/v2\/posts\/85113","targetHints":{"allow":["GET"]}}],"collection":[{"href":"https:\/\/museoscienze.vda.it\/fr\/wp-json\/wp\/v2\/posts"}],"about":[{"href":"https:\/\/museoscienze.vda.it\/fr\/wp-json\/wp\/v2\/types\/post"}],"author":[{"embeddable":true,"href":"https:\/\/museoscienze.vda.it\/fr\/wp-json\/wp\/v2\/users\/11"}],"replies":[{"embeddable":true,"href":"https:\/\/museoscienze.vda.it\/fr\/wp-json\/wp\/v2\/comments?post=85113"}],"version-history":[{"count":3,"href":"https:\/\/museoscienze.vda.it\/fr\/wp-json\/wp\/v2\/posts\/85113\/revisions"}],"predecessor-version":[{"id":85201,"href":"https:\/\/museoscienze.vda.it\/fr\/wp-json\/wp\/v2\/posts\/85113\/revisions\/85201"}],"wp:featuredmedia":[{"embeddable":true,"href":"https:\/\/museoscienze.vda.it\/fr\/wp-json\/wp\/v2\/media\/85186"}],"wp:attachment":[{"href":"https:\/\/museoscienze.vda.it\/fr\/wp-json\/wp\/v2\/media?parent=85113"}],"wp:term":[{"taxonomy":"category","embeddable":true,"href":"https:\/\/museoscienze.vda.it\/fr\/wp-json\/wp\/v2\/categories?post=85113"},{"taxonomy":"post_tag","embeddable":true,"href":"https:\/\/museoscienze.vda.it\/fr\/wp-json\/wp\/v2\/tags?post=85113"},{"taxonomy":"news_category","embeddable":true,"href":"https:\/\/museoscienze.vda.it\/fr\/wp-json\/wp\/v2\/news_category?post=85113"},{"taxonomy":"news_expert","embeddable":true,"href":"https:\/\/museoscienze.vda.it\/fr\/wp-json\/wp\/v2\/news_expert?post=85113"},{"taxonomy":"news_type","embeddable":true,"href":"https:\/\/museoscienze.vda.it\/fr\/wp-json\/wp\/v2\/news_type?post=85113"}],"curies":[{"name":"wp","href":"https:\/\/api.w.org\/{rel}","templated":true}]}}