{"id":84386,"date":"2026-04-27T09:45:12","date_gmt":"2026-04-27T09:45:12","guid":{"rendered":"https:\/\/museoscienze.vda.it\/?p=84386"},"modified":"2026-04-27T09:48:13","modified_gmt":"2026-04-27T09:48:13","slug":"pierre-louis-vescoz","status":"publish","type":"post","link":"https:\/\/museoscienze.vda.it\/fr\/pierre-louis-vescoz\/","title":{"rendered":"Pierre-Louis Vescoz"},"content":{"rendered":"\n<p class=\"has-medium-font-size\">Pr\u00eatre, cartographe, min\u00e9ralogiste et premier conservateur du Mus\u00e9e de la Soci\u00e9t\u00e9 de la Flore Vald\u00f4taine : l&rsquo;histoire de l&rsquo;un des abb\u00e9s savants les plus extraordinaires de la Vall\u00e9e d&rsquo;Aoste.<br>Pierre-Louis Vescoz est n\u00e9 le 23 novembre 1840 \u00e0 Charr\u00e8re, hameau de Verrayes, dans la Vall\u00e9e d&rsquo;Aoste. Ordon\u00e9 pr\u00eatre en 1866, il commence sa carri\u00e8re eccl\u00e9siastique comme vicaire \u00e0 Cogne et Courmayeur, avant de devenir cur\u00e9 \u00e0 Pont-Saint-Martin, de 1874 \u00e0 1893, ann\u00e9e o\u00f9 il est nomm\u00e9 chanoine de la cath\u00e9drale d&rsquo;Aoste. Sa carri\u00e8re religieuse est r\u00e9guli\u00e8re dans la forme. En substance, elle est tout autre.<\/p>\n\n\n\n<div style=\"height:30px\" aria-hidden=\"true\" class=\"wp-block-spacer\"><\/div>\n\n\n\n<p class=\"has-medium-font-size\"><strong>Le cartographe des Alpes<\/strong><\/p>\n\n\n\n<p class=\"has-medium-font-size\">Partout o\u00f9 ses fonctions eccl\u00e9siastiques l&#8217;emm\u00e8nent, Vescoz emporte avec lui une curiosit\u00e9 scientifique qui ne conna\u00eet pas de limites. C&rsquo;est \u00e0 Courmayeur qu&rsquo;il commence \u00e0 se faire conna\u00eetre dans les milieux scientifiques internationaux. Le c\u00e9l\u00e8bre alpiniste anglais Richard Henry Budden est fascin\u00e9 par son projet de construction d&rsquo;une maquette \u00e0 l&rsquo;\u00e9chelle du massif du Mont-Blanc : un travail enti\u00e8rement r\u00e9alis\u00e9 \u00e0 la main, avec une pr\u00e9cision qui \u00e9tonne les scientifiques et les g\u00e9ographes europ\u00e9ens.<br>\u00c0 la maquette du Mont-Blanc succ\u00e8dent celles du Mont Rose, du Grand Paradis, de la Palestine et du Forum romain d&rsquo;Aoste. La plus imposante est la maquette de la Vall\u00e9e d&rsquo;Aoste \u00e0 l&rsquo;\u00e9chelle 1:40 000, encore conserv\u00e9e et visible aujourd&rsquo;hui \u00e0 la mairie d&rsquo;Aoste. Pour ce travail, Vescoz re\u00e7ut en 1888 la m\u00e9daille d&rsquo;or \u00e0 l&rsquo;Exposition universelle du Vatican.<\/p>\n\n\n\n<div style=\"height:32px\" aria-hidden=\"true\" class=\"wp-block-spacer\"><\/div>\n\n\n\n<p class=\"has-medium-font-size\"><strong>Le naturaliste et le collectionneur<\/strong><\/p>\n\n\n\n<p class=\"has-medium-font-size\">La cartographie n&rsquo;est qu&rsquo;une des facettes d&rsquo;un esprit extraordinairement polyvalent. Vescoz collectionne des min\u00e9raux, \u00e9tudie la flore vald\u00f4taine, publie des articles sur la g\u00e9ographie, la m\u00e9t\u00e9orologie, l&rsquo;arch\u00e9ologie et l&rsquo;agronomie. Il devient membre de l&rsquo;Acad\u00e9mie Saint-Anselme et de nombreuses autres soci\u00e9t\u00e9s scientifiques italiennes et europ\u00e9ennes.<br>En 1884, il figure parmi les principaux promoteurs de la renaissance de la Soci\u00e9t\u00e9 de la Flore Vald\u00f4taine, l&rsquo;association scientifique fond\u00e9e en 1858 par les chanoines Georges Carrel et \u00c9douard B\u00e9rard et rest\u00e9e longtemps inactive. Vescoz en devient un membre tr\u00e8s actif, contribuant de mani\u00e8re d\u00e9terminante \u00e0 la relance de ses activit\u00e9s scientifiques et de vulgarisation.<\/p>\n\n\n\n<div style=\"height:31px\" aria-hidden=\"true\" class=\"wp-block-spacer\"><\/div>\n\n\n\n<p class=\"has-medium-font-size\"><strong>Le premier conservateur du mus\u00e9e<\/strong><\/p>\n\n\n\n<p class=\"has-medium-font-size\">Lorsque, en 1905, la Soci\u00e9t\u00e9 de la Flore Vald\u00f4taine fonde officiellement son mus\u00e9e d&rsquo;histoire naturelle, Vescoz est nomm\u00e9 par acclamation biblioth\u00e9caire et conservateur. Il est le premier conservateur officiel de ce qui deviendra, quatre-vingts ans plus tard, le Mus\u00e9e r\u00e9gional des sciences naturelles Efisio Noussan de Saint-Pierre.<br>Sa contribution aux collections du mus\u00e9e va au-del\u00e0 de son r\u00f4le de gestion. Les collections min\u00e9ralogiques et p\u00e9trographiques que Vescoz fait don au mus\u00e9e en 1905 en constituent encore aujourd&rsquo;hui le noyau historique fondamental : des \u00e9chantillons provenant principalement du Val d&rsquo;Aoste, recueillis au cours de d\u00e9cennies d&rsquo;explorations sur le territoire, qui constituent l&rsquo;une des bases scientifiques de l&rsquo;institution.<br>Pierre-Louis Vescoz meurt \u00e0 Aoste le 8 f\u00e9vrier 1925, \u00e0 l&rsquo;\u00e2ge de 84 ans. L&rsquo;Arboretum de Verrayes, le jardin botanique qu&rsquo;il a con\u00e7u et r\u00e9alis\u00e9 entre 1905 et 1908 dans la commune o\u00f9 il est n\u00e9, porte son nom.<br>Ses pierres se trouvent encore dans les salles du mus\u00e9e. Et elles racontent encore son histoire.<\/p>\n\n\n\n<div style=\"height:30px\" aria-hidden=\"true\" class=\"wp-block-spacer\"><\/div>\n\n\n\n<div style=\"height:71px\" aria-hidden=\"true\" class=\"wp-block-spacer\"><\/div>\n\n\n\n<p><\/p>\n","protected":false},"excerpt":{"rendered":"<p>Pr\u00eatre, cartographe, min\u00e9ralogiste et premier conservateur du Mus\u00e9e de la Soci\u00e9t\u00e9 de la Flore Vald\u00f4taine : l&rsquo;histoire de l&rsquo;un des abb\u00e9s savants les plus extraordinaires de la Vall\u00e9e d&rsquo;Aoste.Pierre-Louis Vescoz est n\u00e9 le 23 novembre 1840 \u00e0 Charr\u00e8re, hameau de Verrayes, dans la Vall\u00e9e d&rsquo;Aoste. Ordon\u00e9 pr\u00eatre en 1866, il commence sa carri\u00e8re eccl\u00e9siastique comme &hellip; <a href=\"https:\/\/museoscienze.vda.it\/fr\/pierre-louis-vescoz\/\">Leggi di pi\u00f9<\/a><\/p>\n","protected":false},"author":2,"featured_media":84390,"comment_status":"closed","ping_status":"closed","sticky":true,"template":"","format":"standard","meta":{"_acf_changed":false,"footnotes":""},"categories":[9257,52,53],"tags":[17834,17832,17819,17833],"news_category":[17513],"news_expert":[],"news_type":[17520],"class_list":["post-84386","post","type-post","status-publish","format-standard","has-post-thumbnail","hentry","category-eventi-fr","category-homepage-fr","category-news-fr","tag-cartographie","tag-collections","tag-musee","tag-recerche","news_category-musee","news_type-approfondissement"],"acf":[],"yoast_head":"<!-- This site is optimized with the Yoast SEO plugin v26.8 - https:\/\/yoast.com\/product\/yoast-seo-wordpress\/ -->\n<title>Pierre-Louis Vescoz - Museo Regionale di Scienze Naturali Efisio Noussan<\/title>\n<meta name=\"robots\" content=\"index, follow, max-snippet:-1, max-image-preview:large, max-video-preview:-1\" \/>\n<link rel=\"canonical\" href=\"https:\/\/museoscienze.vda.it\/fr\/pierre-louis-vescoz\/\" \/>\n<meta property=\"og:locale\" content=\"fr_FR\" \/>\n<meta property=\"og:type\" content=\"article\" \/>\n<meta property=\"og:title\" content=\"Pierre-Louis Vescoz - Museo Regionale di Scienze Naturali Efisio Noussan\" \/>\n<meta property=\"og:description\" content=\"Pr\u00eatre, cartographe, min\u00e9ralogiste et premier conservateur du Mus\u00e9e de la Soci\u00e9t\u00e9 de la Flore Vald\u00f4taine : l&rsquo;histoire de l&rsquo;un des abb\u00e9s savants les plus extraordinaires de la Vall\u00e9e d&rsquo;Aoste.Pierre-Louis Vescoz est n\u00e9 le 23 novembre 1840 \u00e0 Charr\u00e8re, hameau de Verrayes, dans la Vall\u00e9e d&rsquo;Aoste. Ordon\u00e9 pr\u00eatre en 1866, il commence sa carri\u00e8re eccl\u00e9siastique comme &hellip; Leggi di pi\u00f9\" \/>\n<meta property=\"og:url\" content=\"https:\/\/museoscienze.vda.it\/fr\/pierre-louis-vescoz\/\" \/>\n<meta property=\"og:site_name\" content=\"Museo Regionale di Scienze Naturali Efisio Noussan\" \/>\n<meta property=\"article:published_time\" content=\"2026-04-27T09:45:12+00:00\" \/>\n<meta property=\"article:modified_time\" content=\"2026-04-27T09:48:13+00:00\" \/>\n<meta property=\"og:image\" content=\"https:\/\/museoscienze.vda.it\/wp-content\/uploads\/2026\/04\/peter-law-WlQPc1FZoPM-unsplash.jpg\" \/>\n\t<meta property=\"og:image:width\" content=\"5200\" \/>\n\t<meta property=\"og:image:height\" content=\"3467\" \/>\n\t<meta property=\"og:image:type\" content=\"image\/jpeg\" \/>\n<meta name=\"author\" content=\"Museo Scienze\" \/>\n<meta name=\"twitter:card\" content=\"summary_large_image\" \/>\n<meta name=\"twitter:label1\" content=\"\u00c9crit par\" \/>\n\t<meta name=\"twitter:data1\" content=\"Museo Scienze\" \/>\n\t<meta name=\"twitter:label2\" content=\"Dur\u00e9e de lecture estim\u00e9e\" \/>\n\t<meta name=\"twitter:data2\" content=\"3 minutes\" \/>\n<script type=\"application\/ld+json\" class=\"yoast-schema-graph\">{\"@context\":\"https:\/\/schema.org\",\"@graph\":[{\"@type\":\"Article\",\"@id\":\"https:\/\/museoscienze.vda.it\/fr\/pierre-louis-vescoz\/#article\",\"isPartOf\":{\"@id\":\"https:\/\/museoscienze.vda.it\/fr\/pierre-louis-vescoz\/\"},\"author\":{\"name\":\"Museo Scienze\",\"@id\":\"https:\/\/museoscienze.vda.it\/#\/schema\/person\/909e674496ac056580890dd6936f7d73\"},\"headline\":\"Pierre-Louis Vescoz\",\"datePublished\":\"2026-04-27T09:45:12+00:00\",\"dateModified\":\"2026-04-27T09:48:13+00:00\",\"mainEntityOfPage\":{\"@id\":\"https:\/\/museoscienze.vda.it\/fr\/pierre-louis-vescoz\/\"},\"wordCount\":572,\"publisher\":{\"@id\":\"https:\/\/museoscienze.vda.it\/#organization\"},\"image\":{\"@id\":\"https:\/\/museoscienze.vda.it\/fr\/pierre-louis-vescoz\/#primaryimage\"},\"thumbnailUrl\":\"https:\/\/museoscienze.vda.it\/wp-content\/uploads\/2026\/04\/peter-law-WlQPc1FZoPM-unsplash.jpg\",\"keywords\":[\"cartographie\",\"collections\",\"mus\u00e9e\",\"recerche\"],\"articleSection\":[\"eventi\",\"homepage\",\"news\"],\"inLanguage\":\"fr-FR\"},{\"@type\":\"WebPage\",\"@id\":\"https:\/\/museoscienze.vda.it\/fr\/pierre-louis-vescoz\/\",\"url\":\"https:\/\/museoscienze.vda.it\/fr\/pierre-louis-vescoz\/\",\"name\":\"Pierre-Louis Vescoz - Museo Regionale di Scienze Naturali Efisio Noussan\",\"isPartOf\":{\"@id\":\"https:\/\/museoscienze.vda.it\/#website\"},\"primaryImageOfPage\":{\"@id\":\"https:\/\/museoscienze.vda.it\/fr\/pierre-louis-vescoz\/#primaryimage\"},\"image\":{\"@id\":\"https:\/\/museoscienze.vda.it\/fr\/pierre-louis-vescoz\/#primaryimage\"},\"thumbnailUrl\":\"https:\/\/museoscienze.vda.it\/wp-content\/uploads\/2026\/04\/peter-law-WlQPc1FZoPM-unsplash.jpg\",\"datePublished\":\"2026-04-27T09:45:12+00:00\",\"dateModified\":\"2026-04-27T09:48:13+00:00\",\"breadcrumb\":{\"@id\":\"https:\/\/museoscienze.vda.it\/fr\/pierre-louis-vescoz\/#breadcrumb\"},\"inLanguage\":\"fr-FR\",\"potentialAction\":[{\"@type\":\"ReadAction\",\"target\":[\"https:\/\/museoscienze.vda.it\/fr\/pierre-louis-vescoz\/\"]}]},{\"@type\":\"ImageObject\",\"inLanguage\":\"fr-FR\",\"@id\":\"https:\/\/museoscienze.vda.it\/fr\/pierre-louis-vescoz\/#primaryimage\",\"url\":\"https:\/\/museoscienze.vda.it\/wp-content\/uploads\/2026\/04\/peter-law-WlQPc1FZoPM-unsplash.jpg\",\"contentUrl\":\"https:\/\/museoscienze.vda.it\/wp-content\/uploads\/2026\/04\/peter-law-WlQPc1FZoPM-unsplash.jpg\",\"width\":5200,\"height\":3467,\"caption\":\"Immagine decorativa\"},{\"@type\":\"BreadcrumbList\",\"@id\":\"https:\/\/museoscienze.vda.it\/fr\/pierre-louis-vescoz\/#breadcrumb\",\"itemListElement\":[{\"@type\":\"ListItem\",\"position\":1,\"name\":\"Home\",\"item\":\"https:\/\/museoscienze.vda.it\/fr\/\"},{\"@type\":\"ListItem\",\"position\":2,\"name\":\"Pierre-Louis Vescoz\"}]},{\"@type\":\"WebSite\",\"@id\":\"https:\/\/museoscienze.vda.it\/#website\",\"url\":\"https:\/\/museoscienze.vda.it\/\",\"name\":\"Museo Regionale di Scienze Naturali Efisio Noussan\",\"description\":\"\",\"publisher\":{\"@id\":\"https:\/\/museoscienze.vda.it\/#organization\"},\"potentialAction\":[{\"@type\":\"SearchAction\",\"target\":{\"@type\":\"EntryPoint\",\"urlTemplate\":\"https:\/\/museoscienze.vda.it\/?s={search_term_string}\"},\"query-input\":{\"@type\":\"PropertyValueSpecification\",\"valueRequired\":true,\"valueName\":\"search_term_string\"}}],\"inLanguage\":\"fr-FR\"},{\"@type\":\"Organization\",\"@id\":\"https:\/\/museoscienze.vda.it\/#organization\",\"name\":\"Museo Regionale di Scienze Naturali Efisio Noussan\",\"url\":\"https:\/\/museoscienze.vda.it\/\",\"logo\":{\"@type\":\"ImageObject\",\"inLanguage\":\"fr-FR\",\"@id\":\"https:\/\/museoscienze.vda.it\/#\/schema\/logo\/image\/\",\"url\":\"https:\/\/museoscienze.vda.it\/wp-content\/uploads\/2023\/09\/logo_MuseoScienzeVDA_completo_rva.png\",\"contentUrl\":\"https:\/\/museoscienze.vda.it\/wp-content\/uploads\/2023\/09\/logo_MuseoScienzeVDA_completo_rva.png\",\"width\":1692,\"height\":646,\"caption\":\"Museo Regionale di Scienze Naturali Efisio Noussan\"},\"image\":{\"@id\":\"https:\/\/museoscienze.vda.it\/#\/schema\/logo\/image\/\"}},{\"@type\":\"Person\",\"@id\":\"https:\/\/museoscienze.vda.it\/#\/schema\/person\/909e674496ac056580890dd6936f7d73\",\"name\":\"Museo Scienze\",\"sameAs\":[\"https:\/\/museoscienze.vda.it\/\"],\"url\":\"https:\/\/museoscienze.vda.it\/fr\/author\/msvda_editormuseoscienze\/\"}]}<\/script>\n<!-- \/ Yoast SEO plugin. -->","yoast_head_json":{"title":"Pierre-Louis Vescoz - Museo Regionale di Scienze Naturali Efisio Noussan","robots":{"index":"index","follow":"follow","max-snippet":"max-snippet:-1","max-image-preview":"max-image-preview:large","max-video-preview":"max-video-preview:-1"},"canonical":"https:\/\/museoscienze.vda.it\/fr\/pierre-louis-vescoz\/","og_locale":"fr_FR","og_type":"article","og_title":"Pierre-Louis Vescoz - Museo Regionale di Scienze Naturali Efisio Noussan","og_description":"Pr\u00eatre, cartographe, min\u00e9ralogiste et premier conservateur du Mus\u00e9e de la Soci\u00e9t\u00e9 de la Flore Vald\u00f4taine : l&rsquo;histoire de l&rsquo;un des abb\u00e9s savants les plus extraordinaires de la Vall\u00e9e d&rsquo;Aoste.Pierre-Louis Vescoz est n\u00e9 le 23 novembre 1840 \u00e0 Charr\u00e8re, hameau de Verrayes, dans la Vall\u00e9e d&rsquo;Aoste. Ordon\u00e9 pr\u00eatre en 1866, il commence sa carri\u00e8re eccl\u00e9siastique comme &hellip; Leggi di pi\u00f9","og_url":"https:\/\/museoscienze.vda.it\/fr\/pierre-louis-vescoz\/","og_site_name":"Museo Regionale di Scienze Naturali Efisio Noussan","article_published_time":"2026-04-27T09:45:12+00:00","article_modified_time":"2026-04-27T09:48:13+00:00","og_image":[{"width":5200,"height":3467,"url":"https:\/\/museoscienze.vda.it\/wp-content\/uploads\/2026\/04\/peter-law-WlQPc1FZoPM-unsplash.jpg","type":"image\/jpeg"}],"author":"Museo Scienze","twitter_card":"summary_large_image","twitter_misc":{"\u00c9crit par":"Museo Scienze","Dur\u00e9e de lecture estim\u00e9e":"3 minutes"},"schema":{"@context":"https:\/\/schema.org","@graph":[{"@type":"Article","@id":"https:\/\/museoscienze.vda.it\/fr\/pierre-louis-vescoz\/#article","isPartOf":{"@id":"https:\/\/museoscienze.vda.it\/fr\/pierre-louis-vescoz\/"},"author":{"name":"Museo Scienze","@id":"https:\/\/museoscienze.vda.it\/#\/schema\/person\/909e674496ac056580890dd6936f7d73"},"headline":"Pierre-Louis Vescoz","datePublished":"2026-04-27T09:45:12+00:00","dateModified":"2026-04-27T09:48:13+00:00","mainEntityOfPage":{"@id":"https:\/\/museoscienze.vda.it\/fr\/pierre-louis-vescoz\/"},"wordCount":572,"publisher":{"@id":"https:\/\/museoscienze.vda.it\/#organization"},"image":{"@id":"https:\/\/museoscienze.vda.it\/fr\/pierre-louis-vescoz\/#primaryimage"},"thumbnailUrl":"https:\/\/museoscienze.vda.it\/wp-content\/uploads\/2026\/04\/peter-law-WlQPc1FZoPM-unsplash.jpg","keywords":["cartographie","collections","mus\u00e9e","recerche"],"articleSection":["eventi","homepage","news"],"inLanguage":"fr-FR"},{"@type":"WebPage","@id":"https:\/\/museoscienze.vda.it\/fr\/pierre-louis-vescoz\/","url":"https:\/\/museoscienze.vda.it\/fr\/pierre-louis-vescoz\/","name":"Pierre-Louis Vescoz - Museo Regionale di Scienze Naturali Efisio Noussan","isPartOf":{"@id":"https:\/\/museoscienze.vda.it\/#website"},"primaryImageOfPage":{"@id":"https:\/\/museoscienze.vda.it\/fr\/pierre-louis-vescoz\/#primaryimage"},"image":{"@id":"https:\/\/museoscienze.vda.it\/fr\/pierre-louis-vescoz\/#primaryimage"},"thumbnailUrl":"https:\/\/museoscienze.vda.it\/wp-content\/uploads\/2026\/04\/peter-law-WlQPc1FZoPM-unsplash.jpg","datePublished":"2026-04-27T09:45:12+00:00","dateModified":"2026-04-27T09:48:13+00:00","breadcrumb":{"@id":"https:\/\/museoscienze.vda.it\/fr\/pierre-louis-vescoz\/#breadcrumb"},"inLanguage":"fr-FR","potentialAction":[{"@type":"ReadAction","target":["https:\/\/museoscienze.vda.it\/fr\/pierre-louis-vescoz\/"]}]},{"@type":"ImageObject","inLanguage":"fr-FR","@id":"https:\/\/museoscienze.vda.it\/fr\/pierre-louis-vescoz\/#primaryimage","url":"https:\/\/museoscienze.vda.it\/wp-content\/uploads\/2026\/04\/peter-law-WlQPc1FZoPM-unsplash.jpg","contentUrl":"https:\/\/museoscienze.vda.it\/wp-content\/uploads\/2026\/04\/peter-law-WlQPc1FZoPM-unsplash.jpg","width":5200,"height":3467,"caption":"Immagine decorativa"},{"@type":"BreadcrumbList","@id":"https:\/\/museoscienze.vda.it\/fr\/pierre-louis-vescoz\/#breadcrumb","itemListElement":[{"@type":"ListItem","position":1,"name":"Home","item":"https:\/\/museoscienze.vda.it\/fr\/"},{"@type":"ListItem","position":2,"name":"Pierre-Louis Vescoz"}]},{"@type":"WebSite","@id":"https:\/\/museoscienze.vda.it\/#website","url":"https:\/\/museoscienze.vda.it\/","name":"Museo Regionale di Scienze Naturali Efisio Noussan","description":"","publisher":{"@id":"https:\/\/museoscienze.vda.it\/#organization"},"potentialAction":[{"@type":"SearchAction","target":{"@type":"EntryPoint","urlTemplate":"https:\/\/museoscienze.vda.it\/?s={search_term_string}"},"query-input":{"@type":"PropertyValueSpecification","valueRequired":true,"valueName":"search_term_string"}}],"inLanguage":"fr-FR"},{"@type":"Organization","@id":"https:\/\/museoscienze.vda.it\/#organization","name":"Museo Regionale di Scienze Naturali Efisio Noussan","url":"https:\/\/museoscienze.vda.it\/","logo":{"@type":"ImageObject","inLanguage":"fr-FR","@id":"https:\/\/museoscienze.vda.it\/#\/schema\/logo\/image\/","url":"https:\/\/museoscienze.vda.it\/wp-content\/uploads\/2023\/09\/logo_MuseoScienzeVDA_completo_rva.png","contentUrl":"https:\/\/museoscienze.vda.it\/wp-content\/uploads\/2023\/09\/logo_MuseoScienzeVDA_completo_rva.png","width":1692,"height":646,"caption":"Museo Regionale di Scienze Naturali Efisio Noussan"},"image":{"@id":"https:\/\/museoscienze.vda.it\/#\/schema\/logo\/image\/"}},{"@type":"Person","@id":"https:\/\/museoscienze.vda.it\/#\/schema\/person\/909e674496ac056580890dd6936f7d73","name":"Museo Scienze","sameAs":["https:\/\/museoscienze.vda.it\/"],"url":"https:\/\/museoscienze.vda.it\/fr\/author\/msvda_editormuseoscienze\/"}]}},"_links":{"self":[{"href":"https:\/\/museoscienze.vda.it\/fr\/wp-json\/wp\/v2\/posts\/84386","targetHints":{"allow":["GET"]}}],"collection":[{"href":"https:\/\/museoscienze.vda.it\/fr\/wp-json\/wp\/v2\/posts"}],"about":[{"href":"https:\/\/museoscienze.vda.it\/fr\/wp-json\/wp\/v2\/types\/post"}],"author":[{"embeddable":true,"href":"https:\/\/museoscienze.vda.it\/fr\/wp-json\/wp\/v2\/users\/2"}],"replies":[{"embeddable":true,"href":"https:\/\/museoscienze.vda.it\/fr\/wp-json\/wp\/v2\/comments?post=84386"}],"version-history":[{"count":2,"href":"https:\/\/museoscienze.vda.it\/fr\/wp-json\/wp\/v2\/posts\/84386\/revisions"}],"predecessor-version":[{"id":84394,"href":"https:\/\/museoscienze.vda.it\/fr\/wp-json\/wp\/v2\/posts\/84386\/revisions\/84394"}],"wp:featuredmedia":[{"embeddable":true,"href":"https:\/\/museoscienze.vda.it\/fr\/wp-json\/wp\/v2\/media\/84390"}],"wp:attachment":[{"href":"https:\/\/museoscienze.vda.it\/fr\/wp-json\/wp\/v2\/media?parent=84386"}],"wp:term":[{"taxonomy":"category","embeddable":true,"href":"https:\/\/museoscienze.vda.it\/fr\/wp-json\/wp\/v2\/categories?post=84386"},{"taxonomy":"post_tag","embeddable":true,"href":"https:\/\/museoscienze.vda.it\/fr\/wp-json\/wp\/v2\/tags?post=84386"},{"taxonomy":"news_category","embeddable":true,"href":"https:\/\/museoscienze.vda.it\/fr\/wp-json\/wp\/v2\/news_category?post=84386"},{"taxonomy":"news_expert","embeddable":true,"href":"https:\/\/museoscienze.vda.it\/fr\/wp-json\/wp\/v2\/news_expert?post=84386"},{"taxonomy":"news_type","embeddable":true,"href":"https:\/\/museoscienze.vda.it\/fr\/wp-json\/wp\/v2\/news_type?post=84386"}],"curies":[{"name":"wp","href":"https:\/\/api.w.org\/{rel}","templated":true}]}}