{"id":84365,"date":"2026-04-30T06:56:34","date_gmt":"2026-04-30T06:56:34","guid":{"rendered":"https:\/\/museoscienze.vda.it\/?p=84365"},"modified":"2026-04-30T06:58:04","modified_gmt":"2026-04-30T06:58:04","slug":"les-metiers-du-musee","status":"publish","type":"post","link":"https:\/\/museoscienze.vda.it\/fr\/les-metiers-du-musee\/","title":{"rendered":"Les m\u00e9tiers du mus\u00e9e"},"content":{"rendered":"\n<p class=\"has-medium-font-size\">Un mus\u00e9e ne se r\u00e9sume pas \u00e0 ce qu&rsquo;il expose. C&rsquo;est l&rsquo;ensemble des personnes qui, jour apr\u00e8s jour, le font vivre : celles qui accueillent les visiteurs, celles qui \u00e9tudient et conservent les collections, celles qui g\u00e8rent les espaces et les syst\u00e8mes technologiques, celles qui s&rsquo;occupent des relations institutionnelles et administratives.<\/p>\n\n\n\n<div style=\"height:30px\" aria-hidden=\"true\" class=\"wp-block-spacer\"><\/div>\n\n\n\n<p class=\"has-medium-font-size\"><strong>L&rsquo;accueil et l&rsquo;entretien des locaux<\/strong><\/p>\n\n\n\n<p class=\"has-medium-font-size\">Le premier contact entre le mus\u00e9e et le visiteur s&rsquo;effectue par l&rsquo;interm\u00e9diaire du personnel d&rsquo;accueil, qui travaille au si\u00e8ge d&rsquo;exposition du ch\u00e2teau de Saint-Pierre. Les agents charg\u00e9s de la billetterie et de l&rsquo;accueil du public fournissent des informations, des conseils et une assistance aux familles, aux groupes scolaires, aux touristes et aux chercheurs qui visitent le mus\u00e9e chaque ann\u00e9e. Leur r\u00f4le exige des comp\u00e9tences en communication, une bonne connaissance du parcours d&rsquo;exposition et la capacit\u00e9 d&rsquo;interagir avec des publics tr\u00e8s divers en termes d&rsquo;\u00e2ge, d&rsquo;origine et d&rsquo;int\u00e9r\u00eats.<br>Les guides qui accompagnent les visiteurs \u00e0 la d\u00e9couverte des espaces et des collections sont \u00e9galement charg\u00e9s de l&rsquo;accueil.<br>Le personnel charg\u00e9 de l&rsquo;entretien et du nettoyage des espaces veille \u00e0 ce que les seize salles du ch\u00e2teau soient toujours dans des conditions optimales pour accueillir les visiteurs, tout en pr\u00e9servant l&rsquo;int\u00e9grit\u00e9 des collections expos\u00e9es et des structures historiques du b\u00e2timent.<\/p>\n\n\n\n<div style=\"height:32px\" aria-hidden=\"true\" class=\"wp-block-spacer\"><\/div>\n\n\n\n<p class=\"has-medium-font-size\"><strong>La recherche scientifique et la conservation des collections<\/strong><\/p>\n\n\n\n<p class=\"has-medium-font-size\">Au si\u00e8ge de La Salle, le mus\u00e9e dispose de laboratoires scientifiques hautement sp\u00e9cialis\u00e9s o\u00f9 travaillent des chercheurs form\u00e9s en biologie mol\u00e9culaire, botanique, zoologie, g\u00e9ologie et sciences naturelles. Leurs activit\u00e9s comprennent l&rsquo;\u00e9tude de la biodiversit\u00e9 vald\u00f4taine, l&rsquo;analyse de l&rsquo;ADN d&rsquo;esp\u00e8ces animales et v\u00e9g\u00e9tales \u00e0 l&rsquo;aide de techniques de s\u00e9quen\u00e7age et de codage \u00e0 barres ADN, la gestion de la Banque de germoplasme v\u00e9g\u00e9tal de la Vall\u00e9e d&rsquo;Aoste et le d\u00e9veloppement de projets de recherche cofinanc\u00e9s par des fonds europ\u00e9ens.<br>Les chercheurs du Mus\u00e9e publient leurs r\u00e9sultats dans des revues scientifiques nationales et internationales, contribuant ainsi \u00e0 l&rsquo;avancement des connaissances sur la biodiversit\u00e9 alpine et agroalimentaire du territoire vald\u00f4tain.<br>La conservation des collections du mus\u00e9e \u2013 qui comprennent des sp\u00e9cimens empaill\u00e9s, des vitrines entomologiques, des herbiers, des min\u00e9raux et des vestiges g\u00e9ologiques \u2013 requiert des comp\u00e9tences sp\u00e9cialis\u00e9es en taxidermie, en botanique syst\u00e9matique, en min\u00e9ralogie et en techniques de conservation. La pr\u00e9paration des sp\u00e9cimens empaill\u00e9s, en particulier, est confi\u00e9e \u00e0 des professionnels sp\u00e9cialis\u00e9s qui allient connaissances anatomiques, comp\u00e9tences artisanales et sensibilit\u00e9 artistique.<\/p>\n\n\n\n<div style=\"height:31px\" aria-hidden=\"true\" class=\"wp-block-spacer\"><\/div>\n\n\n\n<p class=\"has-medium-font-size\"><strong>Administration et gestion institutionnelle<\/strong><\/p>\n\n\n\n<p class=\"has-medium-font-size\">Le personnel administratif du mus\u00e9e g\u00e8re les activit\u00e9s comptables et de gestion, coordonne les accords avec les universit\u00e9s et les instituts de recherche, assure le suivi des projets europ\u00e9ens qui financent les activit\u00e9s scientifiques et s&rsquo;occupe des relations institutionnelles avec les autres organismes partenaires.<\/p>\n\n\n\n<div style=\"height:30px\" aria-hidden=\"true\" class=\"wp-block-spacer\"><\/div>\n\n\n\n<p class=\"has-medium-font-size\"><strong>Les professionnels externes<\/strong><\/p>\n\n\n\n<p class=\"has-medium-font-size\">Une partie des activit\u00e9s du mus\u00e9e est assur\u00e9e par des professionnels et des techniciens sp\u00e9cialis\u00e9s externes : de l&rsquo;entretien des installations d&rsquo;un b\u00e2timent historique complexe comme le ch\u00e2teau de Saint-Pierre \u00e0 la gestion et \u00e0 la mise \u00e0 jour des syst\u00e8mes technologiques interactifs qui caract\u00e9risent le parcours d&rsquo;exposition, en passant par la pr\u00e9paration de nouvelles pi\u00e8ces pour les collections.<\/p>\n\n\n\n<div style=\"height:71px\" aria-hidden=\"true\" class=\"wp-block-spacer\"><\/div>\n\n\n\n<p><\/p>\n","protected":false},"excerpt":{"rendered":"<p>Un mus\u00e9e ne se r\u00e9sume pas \u00e0 ce qu&rsquo;il expose. C&rsquo;est l&rsquo;ensemble des personnes qui, jour apr\u00e8s jour, le font vivre : celles qui accueillent les visiteurs, celles qui \u00e9tudient et conservent les collections, celles qui g\u00e8rent les espaces et les syst\u00e8mes technologiques, celles qui s&rsquo;occupent des relations institutionnelles et administratives. L&rsquo;accueil et l&rsquo;entretien des &hellip; <a href=\"https:\/\/museoscienze.vda.it\/fr\/les-metiers-du-musee\/\">Leggi di pi\u00f9<\/a><\/p>\n","protected":false},"author":2,"featured_media":84380,"comment_status":"closed","ping_status":"closed","sticky":true,"template":"","format":"standard","meta":{"_acf_changed":false,"footnotes":""},"categories":[9257,52,53],"tags":[17814,17815,17817,17819,17816,17818,17806],"news_category":[17513],"news_expert":[],"news_type":[17520],"class_list":["post-84365","post","type-post","status-publish","format-standard","has-post-thumbnail","hentry","category-eventi-fr","category-homepage-fr","category-news-fr","tag-accoglienza-fr","tag-gestione-fr","tag-metiers","tag-musee","tag-professioni-fr","tag-recherche","tag-ricerca-fr","news_category-musee","news_type-approfondissement"],"acf":[],"yoast_head":"<!-- This site is optimized with the Yoast SEO plugin v26.8 - https:\/\/yoast.com\/product\/yoast-seo-wordpress\/ -->\n<title>Les m\u00e9tiers du mus\u00e9e - Museo Regionale di Scienze Naturali Efisio Noussan<\/title>\n<meta name=\"description\" content=\"Un mus\u00e9e ne se r\u00e9sume pas \u00e0 ce qu&#039;il expose. C&#039;est l&#039;ensemble des personnes qui, jour apr\u00e8s jour, le font vivre : celles qui accueillent les visiteurs, celles qui \u00e9tudient et conservent les collections, celles qui g\u00e8rent les espaces et les syst\u00e8mes technologiques, celles qui s&#039;occupent des relations institutionnelles et administratives.\" \/>\n<meta name=\"robots\" content=\"index, follow, max-snippet:-1, max-image-preview:large, max-video-preview:-1\" \/>\n<link rel=\"canonical\" href=\"https:\/\/museoscienze.vda.it\/fr\/les-metiers-du-musee\/\" \/>\n<meta property=\"og:locale\" content=\"fr_FR\" \/>\n<meta property=\"og:type\" content=\"article\" \/>\n<meta property=\"og:title\" content=\"Les m\u00e9tiers du mus\u00e9e - Museo Regionale di Scienze Naturali Efisio Noussan\" \/>\n<meta property=\"og:description\" content=\"Un mus\u00e9e ne se r\u00e9sume pas \u00e0 ce qu&#039;il expose. C&#039;est l&#039;ensemble des personnes qui, jour apr\u00e8s jour, le font vivre : celles qui accueillent les visiteurs, celles qui \u00e9tudient et conservent les collections, celles qui g\u00e8rent les espaces et les syst\u00e8mes technologiques, celles qui s&#039;occupent des relations institutionnelles et administratives.\" \/>\n<meta property=\"og:url\" content=\"https:\/\/museoscienze.vda.it\/fr\/les-metiers-du-musee\/\" \/>\n<meta property=\"og:site_name\" content=\"Museo Regionale di Scienze Naturali Efisio Noussan\" \/>\n<meta property=\"article:published_time\" content=\"2026-04-30T06:56:34+00:00\" \/>\n<meta property=\"article:modified_time\" content=\"2026-04-30T06:58:04+00:00\" \/>\n<meta property=\"og:image\" content=\"https:\/\/museoscienze.vda.it\/wp-content\/uploads\/2026\/04\/1.058_MarmottaLyskamm_phPaoloRey.jpg\" \/>\n\t<meta property=\"og:image:width\" content=\"2048\" \/>\n\t<meta property=\"og:image:height\" content=\"1365\" \/>\n\t<meta property=\"og:image:type\" content=\"image\/jpeg\" \/>\n<meta name=\"author\" content=\"Museo Scienze\" \/>\n<meta name=\"twitter:card\" content=\"summary_large_image\" \/>\n<meta name=\"twitter:label1\" content=\"\u00c9crit par\" \/>\n\t<meta name=\"twitter:data1\" content=\"Museo Scienze\" \/>\n\t<meta name=\"twitter:label2\" content=\"Dur\u00e9e de lecture estim\u00e9e\" \/>\n\t<meta name=\"twitter:data2\" content=\"3 minutes\" \/>\n<script type=\"application\/ld+json\" class=\"yoast-schema-graph\">{\"@context\":\"https:\/\/schema.org\",\"@graph\":[{\"@type\":\"Article\",\"@id\":\"https:\/\/museoscienze.vda.it\/fr\/les-metiers-du-musee\/#article\",\"isPartOf\":{\"@id\":\"https:\/\/museoscienze.vda.it\/fr\/les-metiers-du-musee\/\"},\"author\":{\"name\":\"Museo Scienze\",\"@id\":\"https:\/\/museoscienze.vda.it\/#\/schema\/person\/909e674496ac056580890dd6936f7d73\"},\"headline\":\"Les m\u00e9tiers du mus\u00e9e\",\"datePublished\":\"2026-04-30T06:56:34+00:00\",\"dateModified\":\"2026-04-30T06:58:04+00:00\",\"mainEntityOfPage\":{\"@id\":\"https:\/\/museoscienze.vda.it\/fr\/les-metiers-du-musee\/\"},\"wordCount\":594,\"publisher\":{\"@id\":\"https:\/\/museoscienze.vda.it\/#organization\"},\"image\":{\"@id\":\"https:\/\/museoscienze.vda.it\/fr\/les-metiers-du-musee\/#primaryimage\"},\"thumbnailUrl\":\"https:\/\/museoscienze.vda.it\/wp-content\/uploads\/2026\/04\/1.058_MarmottaLyskamm_phPaoloRey.jpg\",\"keywords\":[\"accoglienza\",\"gestione\",\"m\u00e9tiers\",\"mus\u00e9e\",\"professioni\",\"recherche\",\"ricerca\"],\"articleSection\":[\"eventi\",\"homepage\",\"news\"],\"inLanguage\":\"fr-FR\"},{\"@type\":\"WebPage\",\"@id\":\"https:\/\/museoscienze.vda.it\/fr\/les-metiers-du-musee\/\",\"url\":\"https:\/\/museoscienze.vda.it\/fr\/les-metiers-du-musee\/\",\"name\":\"Les m\u00e9tiers du mus\u00e9e - Museo Regionale di Scienze Naturali Efisio Noussan\",\"isPartOf\":{\"@id\":\"https:\/\/museoscienze.vda.it\/#website\"},\"primaryImageOfPage\":{\"@id\":\"https:\/\/museoscienze.vda.it\/fr\/les-metiers-du-musee\/#primaryimage\"},\"image\":{\"@id\":\"https:\/\/museoscienze.vda.it\/fr\/les-metiers-du-musee\/#primaryimage\"},\"thumbnailUrl\":\"https:\/\/museoscienze.vda.it\/wp-content\/uploads\/2026\/04\/1.058_MarmottaLyskamm_phPaoloRey.jpg\",\"datePublished\":\"2026-04-30T06:56:34+00:00\",\"dateModified\":\"2026-04-30T06:58:04+00:00\",\"description\":\"Un mus\u00e9e ne se r\u00e9sume pas \u00e0 ce qu'il expose. C'est l'ensemble des personnes qui, jour apr\u00e8s jour, le font vivre : celles qui accueillent les visiteurs, celles qui \u00e9tudient et conservent les collections, celles qui g\u00e8rent les espaces et les syst\u00e8mes technologiques, celles qui s'occupent des relations institutionnelles et administratives.\",\"breadcrumb\":{\"@id\":\"https:\/\/museoscienze.vda.it\/fr\/les-metiers-du-musee\/#breadcrumb\"},\"inLanguage\":\"fr-FR\",\"potentialAction\":[{\"@type\":\"ReadAction\",\"target\":[\"https:\/\/museoscienze.vda.it\/fr\/les-metiers-du-musee\/\"]}]},{\"@type\":\"ImageObject\",\"inLanguage\":\"fr-FR\",\"@id\":\"https:\/\/museoscienze.vda.it\/fr\/les-metiers-du-musee\/#primaryimage\",\"url\":\"https:\/\/museoscienze.vda.it\/wp-content\/uploads\/2026\/04\/1.058_MarmottaLyskamm_phPaoloRey.jpg\",\"contentUrl\":\"https:\/\/museoscienze.vda.it\/wp-content\/uploads\/2026\/04\/1.058_MarmottaLyskamm_phPaoloRey.jpg\",\"width\":2048,\"height\":1365,\"caption\":\"Immagine professioni\"},{\"@type\":\"BreadcrumbList\",\"@id\":\"https:\/\/museoscienze.vda.it\/fr\/les-metiers-du-musee\/#breadcrumb\",\"itemListElement\":[{\"@type\":\"ListItem\",\"position\":1,\"name\":\"Home\",\"item\":\"https:\/\/museoscienze.vda.it\/fr\/\"},{\"@type\":\"ListItem\",\"position\":2,\"name\":\"Les m\u00e9tiers du mus\u00e9e\"}]},{\"@type\":\"WebSite\",\"@id\":\"https:\/\/museoscienze.vda.it\/#website\",\"url\":\"https:\/\/museoscienze.vda.it\/\",\"name\":\"Museo Regionale di Scienze Naturali Efisio Noussan\",\"description\":\"\",\"publisher\":{\"@id\":\"https:\/\/museoscienze.vda.it\/#organization\"},\"potentialAction\":[{\"@type\":\"SearchAction\",\"target\":{\"@type\":\"EntryPoint\",\"urlTemplate\":\"https:\/\/museoscienze.vda.it\/?s={search_term_string}\"},\"query-input\":{\"@type\":\"PropertyValueSpecification\",\"valueRequired\":true,\"valueName\":\"search_term_string\"}}],\"inLanguage\":\"fr-FR\"},{\"@type\":\"Organization\",\"@id\":\"https:\/\/museoscienze.vda.it\/#organization\",\"name\":\"Museo Regionale di Scienze Naturali Efisio Noussan\",\"url\":\"https:\/\/museoscienze.vda.it\/\",\"logo\":{\"@type\":\"ImageObject\",\"inLanguage\":\"fr-FR\",\"@id\":\"https:\/\/museoscienze.vda.it\/#\/schema\/logo\/image\/\",\"url\":\"https:\/\/museoscienze.vda.it\/wp-content\/uploads\/2023\/09\/logo_MuseoScienzeVDA_completo_rva.png\",\"contentUrl\":\"https:\/\/museoscienze.vda.it\/wp-content\/uploads\/2023\/09\/logo_MuseoScienzeVDA_completo_rva.png\",\"width\":1692,\"height\":646,\"caption\":\"Museo Regionale di Scienze Naturali Efisio Noussan\"},\"image\":{\"@id\":\"https:\/\/museoscienze.vda.it\/#\/schema\/logo\/image\/\"}},{\"@type\":\"Person\",\"@id\":\"https:\/\/museoscienze.vda.it\/#\/schema\/person\/909e674496ac056580890dd6936f7d73\",\"name\":\"Museo Scienze\",\"sameAs\":[\"https:\/\/museoscienze.vda.it\/\"],\"url\":\"https:\/\/museoscienze.vda.it\/fr\/author\/msvda_editormuseoscienze\/\"}]}<\/script>\n<!-- \/ Yoast SEO plugin. -->","yoast_head_json":{"title":"Les m\u00e9tiers du mus\u00e9e - Museo Regionale di Scienze Naturali Efisio Noussan","description":"Un mus\u00e9e ne se r\u00e9sume pas \u00e0 ce qu'il expose. C'est l'ensemble des personnes qui, jour apr\u00e8s jour, le font vivre : celles qui accueillent les visiteurs, celles qui \u00e9tudient et conservent les collections, celles qui g\u00e8rent les espaces et les syst\u00e8mes technologiques, celles qui s'occupent des relations institutionnelles et administratives.","robots":{"index":"index","follow":"follow","max-snippet":"max-snippet:-1","max-image-preview":"max-image-preview:large","max-video-preview":"max-video-preview:-1"},"canonical":"https:\/\/museoscienze.vda.it\/fr\/les-metiers-du-musee\/","og_locale":"fr_FR","og_type":"article","og_title":"Les m\u00e9tiers du mus\u00e9e - Museo Regionale di Scienze Naturali Efisio Noussan","og_description":"Un mus\u00e9e ne se r\u00e9sume pas \u00e0 ce qu'il expose. C'est l'ensemble des personnes qui, jour apr\u00e8s jour, le font vivre : celles qui accueillent les visiteurs, celles qui \u00e9tudient et conservent les collections, celles qui g\u00e8rent les espaces et les syst\u00e8mes technologiques, celles qui s'occupent des relations institutionnelles et administratives.","og_url":"https:\/\/museoscienze.vda.it\/fr\/les-metiers-du-musee\/","og_site_name":"Museo Regionale di Scienze Naturali Efisio Noussan","article_published_time":"2026-04-30T06:56:34+00:00","article_modified_time":"2026-04-30T06:58:04+00:00","og_image":[{"width":2048,"height":1365,"url":"https:\/\/museoscienze.vda.it\/wp-content\/uploads\/2026\/04\/1.058_MarmottaLyskamm_phPaoloRey.jpg","type":"image\/jpeg"}],"author":"Museo Scienze","twitter_card":"summary_large_image","twitter_misc":{"\u00c9crit par":"Museo Scienze","Dur\u00e9e de lecture estim\u00e9e":"3 minutes"},"schema":{"@context":"https:\/\/schema.org","@graph":[{"@type":"Article","@id":"https:\/\/museoscienze.vda.it\/fr\/les-metiers-du-musee\/#article","isPartOf":{"@id":"https:\/\/museoscienze.vda.it\/fr\/les-metiers-du-musee\/"},"author":{"name":"Museo Scienze","@id":"https:\/\/museoscienze.vda.it\/#\/schema\/person\/909e674496ac056580890dd6936f7d73"},"headline":"Les m\u00e9tiers du mus\u00e9e","datePublished":"2026-04-30T06:56:34+00:00","dateModified":"2026-04-30T06:58:04+00:00","mainEntityOfPage":{"@id":"https:\/\/museoscienze.vda.it\/fr\/les-metiers-du-musee\/"},"wordCount":594,"publisher":{"@id":"https:\/\/museoscienze.vda.it\/#organization"},"image":{"@id":"https:\/\/museoscienze.vda.it\/fr\/les-metiers-du-musee\/#primaryimage"},"thumbnailUrl":"https:\/\/museoscienze.vda.it\/wp-content\/uploads\/2026\/04\/1.058_MarmottaLyskamm_phPaoloRey.jpg","keywords":["accoglienza","gestione","m\u00e9tiers","mus\u00e9e","professioni","recherche","ricerca"],"articleSection":["eventi","homepage","news"],"inLanguage":"fr-FR"},{"@type":"WebPage","@id":"https:\/\/museoscienze.vda.it\/fr\/les-metiers-du-musee\/","url":"https:\/\/museoscienze.vda.it\/fr\/les-metiers-du-musee\/","name":"Les m\u00e9tiers du mus\u00e9e - Museo Regionale di Scienze Naturali Efisio Noussan","isPartOf":{"@id":"https:\/\/museoscienze.vda.it\/#website"},"primaryImageOfPage":{"@id":"https:\/\/museoscienze.vda.it\/fr\/les-metiers-du-musee\/#primaryimage"},"image":{"@id":"https:\/\/museoscienze.vda.it\/fr\/les-metiers-du-musee\/#primaryimage"},"thumbnailUrl":"https:\/\/museoscienze.vda.it\/wp-content\/uploads\/2026\/04\/1.058_MarmottaLyskamm_phPaoloRey.jpg","datePublished":"2026-04-30T06:56:34+00:00","dateModified":"2026-04-30T06:58:04+00:00","description":"Un mus\u00e9e ne se r\u00e9sume pas \u00e0 ce qu'il expose. C'est l'ensemble des personnes qui, jour apr\u00e8s jour, le font vivre : celles qui accueillent les visiteurs, celles qui \u00e9tudient et conservent les collections, celles qui g\u00e8rent les espaces et les syst\u00e8mes technologiques, celles qui s'occupent des relations institutionnelles et administratives.","breadcrumb":{"@id":"https:\/\/museoscienze.vda.it\/fr\/les-metiers-du-musee\/#breadcrumb"},"inLanguage":"fr-FR","potentialAction":[{"@type":"ReadAction","target":["https:\/\/museoscienze.vda.it\/fr\/les-metiers-du-musee\/"]}]},{"@type":"ImageObject","inLanguage":"fr-FR","@id":"https:\/\/museoscienze.vda.it\/fr\/les-metiers-du-musee\/#primaryimage","url":"https:\/\/museoscienze.vda.it\/wp-content\/uploads\/2026\/04\/1.058_MarmottaLyskamm_phPaoloRey.jpg","contentUrl":"https:\/\/museoscienze.vda.it\/wp-content\/uploads\/2026\/04\/1.058_MarmottaLyskamm_phPaoloRey.jpg","width":2048,"height":1365,"caption":"Immagine professioni"},{"@type":"BreadcrumbList","@id":"https:\/\/museoscienze.vda.it\/fr\/les-metiers-du-musee\/#breadcrumb","itemListElement":[{"@type":"ListItem","position":1,"name":"Home","item":"https:\/\/museoscienze.vda.it\/fr\/"},{"@type":"ListItem","position":2,"name":"Les m\u00e9tiers du mus\u00e9e"}]},{"@type":"WebSite","@id":"https:\/\/museoscienze.vda.it\/#website","url":"https:\/\/museoscienze.vda.it\/","name":"Museo Regionale di Scienze Naturali Efisio Noussan","description":"","publisher":{"@id":"https:\/\/museoscienze.vda.it\/#organization"},"potentialAction":[{"@type":"SearchAction","target":{"@type":"EntryPoint","urlTemplate":"https:\/\/museoscienze.vda.it\/?s={search_term_string}"},"query-input":{"@type":"PropertyValueSpecification","valueRequired":true,"valueName":"search_term_string"}}],"inLanguage":"fr-FR"},{"@type":"Organization","@id":"https:\/\/museoscienze.vda.it\/#organization","name":"Museo Regionale di Scienze Naturali Efisio Noussan","url":"https:\/\/museoscienze.vda.it\/","logo":{"@type":"ImageObject","inLanguage":"fr-FR","@id":"https:\/\/museoscienze.vda.it\/#\/schema\/logo\/image\/","url":"https:\/\/museoscienze.vda.it\/wp-content\/uploads\/2023\/09\/logo_MuseoScienzeVDA_completo_rva.png","contentUrl":"https:\/\/museoscienze.vda.it\/wp-content\/uploads\/2023\/09\/logo_MuseoScienzeVDA_completo_rva.png","width":1692,"height":646,"caption":"Museo Regionale di Scienze Naturali Efisio Noussan"},"image":{"@id":"https:\/\/museoscienze.vda.it\/#\/schema\/logo\/image\/"}},{"@type":"Person","@id":"https:\/\/museoscienze.vda.it\/#\/schema\/person\/909e674496ac056580890dd6936f7d73","name":"Museo Scienze","sameAs":["https:\/\/museoscienze.vda.it\/"],"url":"https:\/\/museoscienze.vda.it\/fr\/author\/msvda_editormuseoscienze\/"}]}},"_links":{"self":[{"href":"https:\/\/museoscienze.vda.it\/fr\/wp-json\/wp\/v2\/posts\/84365","targetHints":{"allow":["GET"]}}],"collection":[{"href":"https:\/\/museoscienze.vda.it\/fr\/wp-json\/wp\/v2\/posts"}],"about":[{"href":"https:\/\/museoscienze.vda.it\/fr\/wp-json\/wp\/v2\/types\/post"}],"author":[{"embeddable":true,"href":"https:\/\/museoscienze.vda.it\/fr\/wp-json\/wp\/v2\/users\/2"}],"replies":[{"embeddable":true,"href":"https:\/\/museoscienze.vda.it\/fr\/wp-json\/wp\/v2\/comments?post=84365"}],"version-history":[{"count":2,"href":"https:\/\/museoscienze.vda.it\/fr\/wp-json\/wp\/v2\/posts\/84365\/revisions"}],"predecessor-version":[{"id":84383,"href":"https:\/\/museoscienze.vda.it\/fr\/wp-json\/wp\/v2\/posts\/84365\/revisions\/84383"}],"wp:featuredmedia":[{"embeddable":true,"href":"https:\/\/museoscienze.vda.it\/fr\/wp-json\/wp\/v2\/media\/84380"}],"wp:attachment":[{"href":"https:\/\/museoscienze.vda.it\/fr\/wp-json\/wp\/v2\/media?parent=84365"}],"wp:term":[{"taxonomy":"category","embeddable":true,"href":"https:\/\/museoscienze.vda.it\/fr\/wp-json\/wp\/v2\/categories?post=84365"},{"taxonomy":"post_tag","embeddable":true,"href":"https:\/\/museoscienze.vda.it\/fr\/wp-json\/wp\/v2\/tags?post=84365"},{"taxonomy":"news_category","embeddable":true,"href":"https:\/\/museoscienze.vda.it\/fr\/wp-json\/wp\/v2\/news_category?post=84365"},{"taxonomy":"news_expert","embeddable":true,"href":"https:\/\/museoscienze.vda.it\/fr\/wp-json\/wp\/v2\/news_expert?post=84365"},{"taxonomy":"news_type","embeddable":true,"href":"https:\/\/museoscienze.vda.it\/fr\/wp-json\/wp\/v2\/news_type?post=84365"}],"curies":[{"name":"wp","href":"https:\/\/api.w.org\/{rel}","templated":true}]}}