{"id":17495,"count":1,"description":"Sp\u00e9cialiste d\u2019arch\u00e9ologie alpine et d\u2019arch\u00e9ozoologie. Il \u00e9tudie les composantes socio\u00e9conomiques et spirituelles des communaut\u00e9s pr\u00e9historiques et protohistoriques du nord de l\u2019Italie, et tout particuli\u00e8rement les relations qui existent entre l\u2019Italie padane et alpine et les r\u00e9gions au nord de la ligne de partage des eaux. Il est pr\u00e9sident du corps professoral pour le cursus de trois ans en Sciences du patrimoine de l\u2019Universit\u00e9 de Milan et pr\u00e9sident de l\u2019Association italienne d\u2019Arch\u00e9ozoologie (AIAZ). Depuis 2018 il est ma\u00eetre de conf\u00e9rences en Pr\u00e9histoire et \u00c9cologie pr\u00e9historique \u00e0 l\u2019Universit\u00e9 de Milan.","link":"https:\/\/museoscienze.vda.it\/fr\/news_experts\/umberto-tecchiati-fr\/","name":"Umberto Tecchiati","slug":"umberto-tecchiati-fr","taxonomy":"news_expert","parent":0,"meta":[],"acf":[],"yoast_head":"<!-- This site is optimized with the Yoast SEO plugin v26.8 - https:\/\/yoast.com\/product\/yoast-seo-wordpress\/ -->\n<title>Umberto Tecchiati Archivi - Museo Regionale di Scienze Naturali Efisio Noussan<\/title>\n<meta name=\"robots\" content=\"index, follow, max-snippet:-1, max-image-preview:large, max-video-preview:-1\" \/>\n<link rel=\"canonical\" href=\"https:\/\/museoscienze.vda.it\/fr\/news_experts\/umberto-tecchiati-fr\/\" \/>\n<meta property=\"og:locale\" content=\"fr_FR\" \/>\n<meta property=\"og:type\" content=\"article\" \/>\n<meta property=\"og:title\" content=\"Umberto Tecchiati Archivi - Museo Regionale di Scienze Naturali Efisio Noussan\" \/>\n<meta property=\"og:description\" content=\"Sp\u00e9cialiste d\u2019arch\u00e9ologie alpine et d\u2019arch\u00e9ozoologie. Il \u00e9tudie les composantes socio\u00e9conomiques et spirituelles des communaut\u00e9s pr\u00e9historiques et protohistoriques du nord de l\u2019Italie, et tout particuli\u00e8rement les relations qui existent entre l\u2019Italie padane et alpine et les r\u00e9gions au nord de la ligne de partage des eaux. Il est pr\u00e9sident du corps professoral pour le cursus de trois ans en Sciences du patrimoine de l\u2019Universit\u00e9 de Milan et pr\u00e9sident de l\u2019Association italienne d\u2019Arch\u00e9ozoologie (AIAZ). Depuis 2018 il est ma\u00eetre de conf\u00e9rences en Pr\u00e9histoire et \u00c9cologie pr\u00e9historique \u00e0 l\u2019Universit\u00e9 de Milan.\" \/>\n<meta property=\"og:url\" content=\"https:\/\/museoscienze.vda.it\/fr\/news_experts\/umberto-tecchiati-fr\/\" \/>\n<meta property=\"og:site_name\" content=\"Museo Regionale di Scienze Naturali Efisio Noussan\" \/>\n<meta name=\"twitter:card\" content=\"summary_large_image\" \/>\n<script type=\"application\/ld+json\" class=\"yoast-schema-graph\">{\"@context\":\"https:\/\/schema.org\",\"@graph\":[{\"@type\":\"CollectionPage\",\"@id\":\"https:\/\/museoscienze.vda.it\/fr\/news_experts\/umberto-tecchiati-fr\/\",\"url\":\"https:\/\/museoscienze.vda.it\/fr\/news_experts\/umberto-tecchiati-fr\/\",\"name\":\"Umberto Tecchiati Archivi - Museo Regionale di Scienze Naturali Efisio Noussan\",\"isPartOf\":{\"@id\":\"https:\/\/museoscienze.vda.it\/#website\"},\"breadcrumb\":{\"@id\":\"https:\/\/museoscienze.vda.it\/fr\/news_experts\/umberto-tecchiati-fr\/#breadcrumb\"},\"inLanguage\":\"fr-FR\"},{\"@type\":\"BreadcrumbList\",\"@id\":\"https:\/\/museoscienze.vda.it\/fr\/news_experts\/umberto-tecchiati-fr\/#breadcrumb\",\"itemListElement\":[{\"@type\":\"ListItem\",\"position\":1,\"name\":\"Home\",\"item\":\"https:\/\/museoscienze.vda.it\/fr\/\"},{\"@type\":\"ListItem\",\"position\":2,\"name\":\"Umberto Tecchiati\"}]},{\"@type\":\"WebSite\",\"@id\":\"https:\/\/museoscienze.vda.it\/#website\",\"url\":\"https:\/\/museoscienze.vda.it\/\",\"name\":\"Museo Regionale di Scienze Naturali Efisio Noussan\",\"description\":\"\",\"publisher\":{\"@id\":\"https:\/\/museoscienze.vda.it\/#organization\"},\"potentialAction\":[{\"@type\":\"SearchAction\",\"target\":{\"@type\":\"EntryPoint\",\"urlTemplate\":\"https:\/\/museoscienze.vda.it\/?s={search_term_string}\"},\"query-input\":{\"@type\":\"PropertyValueSpecification\",\"valueRequired\":true,\"valueName\":\"search_term_string\"}}],\"inLanguage\":\"fr-FR\"},{\"@type\":\"Organization\",\"@id\":\"https:\/\/museoscienze.vda.it\/#organization\",\"name\":\"Museo Regionale di Scienze Naturali Efisio Noussan\",\"url\":\"https:\/\/museoscienze.vda.it\/\",\"logo\":{\"@type\":\"ImageObject\",\"inLanguage\":\"fr-FR\",\"@id\":\"https:\/\/museoscienze.vda.it\/#\/schema\/logo\/image\/\",\"url\":\"https:\/\/museoscienze.vda.it\/wp-content\/uploads\/2023\/09\/logo_MuseoScienzeVDA_completo_rva.png\",\"contentUrl\":\"https:\/\/museoscienze.vda.it\/wp-content\/uploads\/2023\/09\/logo_MuseoScienzeVDA_completo_rva.png\",\"width\":1692,\"height\":646,\"caption\":\"Museo Regionale di Scienze Naturali Efisio Noussan\"},\"image\":{\"@id\":\"https:\/\/museoscienze.vda.it\/#\/schema\/logo\/image\/\"}}]}<\/script>\n<!-- \/ Yoast SEO plugin. -->","yoast_head_json":{"title":"Umberto Tecchiati Archivi - Museo Regionale di Scienze Naturali Efisio Noussan","robots":{"index":"index","follow":"follow","max-snippet":"max-snippet:-1","max-image-preview":"max-image-preview:large","max-video-preview":"max-video-preview:-1"},"canonical":"https:\/\/museoscienze.vda.it\/fr\/news_experts\/umberto-tecchiati-fr\/","og_locale":"fr_FR","og_type":"article","og_title":"Umberto Tecchiati Archivi - Museo Regionale di Scienze Naturali Efisio Noussan","og_description":"Sp\u00e9cialiste d\u2019arch\u00e9ologie alpine et d\u2019arch\u00e9ozoologie. Il \u00e9tudie les composantes socio\u00e9conomiques et spirituelles des communaut\u00e9s pr\u00e9historiques et protohistoriques du nord de l\u2019Italie, et tout particuli\u00e8rement les relations qui existent entre l\u2019Italie padane et alpine et les r\u00e9gions au nord de la ligne de partage des eaux. Il est pr\u00e9sident du corps professoral pour le cursus de trois ans en Sciences du patrimoine de l\u2019Universit\u00e9 de Milan et pr\u00e9sident de l\u2019Association italienne d\u2019Arch\u00e9ozoologie (AIAZ). Depuis 2018 il est ma\u00eetre de conf\u00e9rences en Pr\u00e9histoire et \u00c9cologie pr\u00e9historique \u00e0 l\u2019Universit\u00e9 de Milan.","og_url":"https:\/\/museoscienze.vda.it\/fr\/news_experts\/umberto-tecchiati-fr\/","og_site_name":"Museo Regionale di Scienze Naturali Efisio Noussan","twitter_card":"summary_large_image","schema":{"@context":"https:\/\/schema.org","@graph":[{"@type":"CollectionPage","@id":"https:\/\/museoscienze.vda.it\/fr\/news_experts\/umberto-tecchiati-fr\/","url":"https:\/\/museoscienze.vda.it\/fr\/news_experts\/umberto-tecchiati-fr\/","name":"Umberto Tecchiati Archivi - Museo Regionale di Scienze Naturali Efisio Noussan","isPartOf":{"@id":"https:\/\/museoscienze.vda.it\/#website"},"breadcrumb":{"@id":"https:\/\/museoscienze.vda.it\/fr\/news_experts\/umberto-tecchiati-fr\/#breadcrumb"},"inLanguage":"fr-FR"},{"@type":"BreadcrumbList","@id":"https:\/\/museoscienze.vda.it\/fr\/news_experts\/umberto-tecchiati-fr\/#breadcrumb","itemListElement":[{"@type":"ListItem","position":1,"name":"Home","item":"https:\/\/museoscienze.vda.it\/fr\/"},{"@type":"ListItem","position":2,"name":"Umberto Tecchiati"}]},{"@type":"WebSite","@id":"https:\/\/museoscienze.vda.it\/#website","url":"https:\/\/museoscienze.vda.it\/","name":"Museo Regionale di Scienze Naturali Efisio Noussan","description":"","publisher":{"@id":"https:\/\/museoscienze.vda.it\/#organization"},"potentialAction":[{"@type":"SearchAction","target":{"@type":"EntryPoint","urlTemplate":"https:\/\/museoscienze.vda.it\/?s={search_term_string}"},"query-input":{"@type":"PropertyValueSpecification","valueRequired":true,"valueName":"search_term_string"}}],"inLanguage":"fr-FR"},{"@type":"Organization","@id":"https:\/\/museoscienze.vda.it\/#organization","name":"Museo Regionale di Scienze Naturali Efisio Noussan","url":"https:\/\/museoscienze.vda.it\/","logo":{"@type":"ImageObject","inLanguage":"fr-FR","@id":"https:\/\/museoscienze.vda.it\/#\/schema\/logo\/image\/","url":"https:\/\/museoscienze.vda.it\/wp-content\/uploads\/2023\/09\/logo_MuseoScienzeVDA_completo_rva.png","contentUrl":"https:\/\/museoscienze.vda.it\/wp-content\/uploads\/2023\/09\/logo_MuseoScienzeVDA_completo_rva.png","width":1692,"height":646,"caption":"Museo Regionale di Scienze Naturali Efisio Noussan"},"image":{"@id":"https:\/\/museoscienze.vda.it\/#\/schema\/logo\/image\/"}}]}},"_links":{"self":[{"href":"https:\/\/museoscienze.vda.it\/fr\/wp-json\/wp\/v2\/news_expert\/17495","targetHints":{"allow":["GET"]}}],"collection":[{"href":"https:\/\/museoscienze.vda.it\/fr\/wp-json\/wp\/v2\/news_expert"}],"about":[{"href":"https:\/\/museoscienze.vda.it\/fr\/wp-json\/wp\/v2\/taxonomies\/news_expert"}],"wp:post_type":[{"href":"https:\/\/museoscienze.vda.it\/fr\/wp-json\/wp\/v2\/posts?news_expert=17495"}],"curies":[{"name":"wp","href":"https:\/\/api.w.org\/{rel}","templated":true}]}}