{"id":84385,"date":"2026-04-27T09:45:12","date_gmt":"2026-04-27T09:45:12","guid":{"rendered":"https:\/\/museoscienze.vda.it\/?p=84385"},"modified":"2026-04-27T09:49:01","modified_gmt":"2026-04-27T09:49:01","slug":"pierre-louis-vescoz","status":"publish","type":"post","link":"https:\/\/museoscienze.vda.it\/en\/pierre-louis-vescoz\/","title":{"rendered":"Pierre-Louis Vescoz"},"content":{"rendered":"\n<p class=\"has-medium-font-size\">Sacerdote, cartografo, mineralogista e primo conservatore del Museo della Soci\u00e9t\u00e9 de la Flore Vald\u00f4taine: la storia di uno fra gli abb\u00e9s savants pi\u00f9 straordinari della Valle d&#8217;Aosta.<br>Pierre-Louis Vescoz nasce il 23 novembre 1840 a Charr\u00e8re, frazione di Verrayes, in Valle d&#8217;Aosta. Ordinato sacerdote nel 1866, inizia la propria carriera ecclesiastica come viceparroco a Cogne e Courmayeur, per poi diventare parroco a Pont-Saint-Martin, dal 1874 al 1893, anno in cui \u00e8 nominato canonico della Cattedrale di Aosta. La sua \u00e8 una carriera religiosa regolare, nella forma. Nei contenuti, \u00e8 qualcosa di molto diverso.<\/p>\n\n\n\n<div style=\"height:30px\" aria-hidden=\"true\" class=\"wp-block-spacer\"><\/div>\n\n\n\n<p class=\"has-medium-font-size\"><strong>Il cartografo delle Alpi<\/strong><\/p>\n\n\n\n<p class=\"has-medium-font-size\">Ovunque lo portino i suoi incarichi ecclesiastici, Vescoz porta con s\u00e9 una curiosit\u00e0 scientifica che non conosce confini. \u00c8 a Courmayeur che inizia a farsi conoscere negli ambienti scientifici internazionali. Il noto alpinista inglese Richard Henry Budden rimane affascinato dal suo progetto di costruire un plastico in scala del massiccio del Monte Bianco: un lavoro realizzato interamente a mano, con una precisione che stupisce scienziati e geografi europei.<br>Al plastico del Monte Bianco, seguono quelli del Monte Rosa, del Gran Paradiso, di Palestina e del Foro romano di Aosta. Il pi\u00f9 imponente \u00e8 il plastico della Valle d&#8217;Aosta in scala 1:40.000, ancora oggi conservato e visibile nel Municipio di Aosta. Per questo lavoro, nel 1888, Vescoz ricevette la medaglia d&#8217;oro all&#8217;Esposizione universale del Vaticano.<\/p>\n\n\n\n<div style=\"height:32px\" aria-hidden=\"true\" class=\"wp-block-spacer\"><\/div>\n\n\n\n<p class=\"has-medium-font-size\"><strong>Il naturalista e il collezionista<\/strong><\/p>\n\n\n\n<p class=\"has-medium-font-size\">L&#8217;attivit\u00e0 cartografica \u00e8 solo una fra le dimensioni di un intelletto straordinariamente versatile. Vescoz raccoglie minerali, studia la flora valdostana, pubblica articoli di geografia, meteorologia, archeologia e agronomia. Diventa membro dell&#8217;Acad\u00e9mie Saint-Anselme e di numerose altre societ\u00e0 scientifiche italiane ed europee.<br>Nel 1884, \u00e8 tra i principali promotori della rinascita della Soci\u00e9t\u00e9 de la Flore Vald\u00f4taine, l&#8217;associazione scientifica fondata nel 1858 dai canonici Georges Carrel ed \u00c9douard B\u00e9rard e rimasta a lungo in stato di inattivit\u00e0. Vescoz ne diventa membro attivissimo, contribuendo in modo determinante al rilancio delle sue attivit\u00e0 scientifiche e divulgative.<\/p>\n\n\n\n<div style=\"height:31px\" aria-hidden=\"true\" class=\"wp-block-spacer\"><\/div>\n\n\n\n<p class=\"has-medium-font-size\"><strong>Il primo custode del Museo<\/strong><\/p>\n\n\n\n<p class=\"has-medium-font-size\">Quando, nel 1905, la Soci\u00e9t\u00e9 de la Flore Vald\u00f4taine fonda ufficialmente il proprio museo naturalistico, Vescoz \u00e8 nominato per acclamazione bibliotecario e conservatore. \u00c8 il primo custode istituzionale di quello che, ottant&#8217;anni dopo, diventer\u00e0 il Museo regionale di Scienze naturali Efisio Noussan di Saint-Pierre.<br>Il suo contributo alle collezioni del Museo va oltre il ruolo gestionale. Le collezioni mineralogiche e petrografiche che Vescoz dona al Museo, nel 1905, ne rappresentano ancora oggi il nucleo storico fondamentale: campioni di provenienza prevalentemente valdostana, raccolti nel corso di decenni di esplorazioni sul territorio, che costituiscono una fra le basi scientifiche dell&#8217;istituzione.<br>Pierre-Louis Vescoz muore ad Aosta l&#8217;8 febbraio 1925, a 84 anni. A lui \u00e8 intitolato l&#8217;Arboretum di Verrayes, il giardino botanico che progett\u00f2 e realizz\u00f2 tra il 1905 e il 1908 nel comune in cui era nato.<br>Le sue pietre sono ancora nelle sale del Museo. E raccontano ancora la sua storia.<\/p>\n\n\n\n<div style=\"height:30px\" aria-hidden=\"true\" class=\"wp-block-spacer\"><\/div>\n\n\n\n<div style=\"height:71px\" aria-hidden=\"true\" class=\"wp-block-spacer\"><\/div>\n\n\n\n<p><\/p>\n","protected":false},"excerpt":{"rendered":"<p>Sacerdote, cartografo, mineralogista e primo conservatore del Museo della Soci\u00e9t\u00e9 de la Flore Vald\u00f4taine: la storia di uno fra gli abb\u00e9s savants pi\u00f9 straordinari della Valle d&#8217;Aosta.Pierre-Louis Vescoz nasce il 23 novembre 1840 a Charr\u00e8re, frazione di Verrayes, in Valle d&#8217;Aosta. Ordinato sacerdote nel 1866, inizia la propria carriera ecclesiastica come viceparroco a Cogne e &hellip; <a href=\"https:\/\/museoscienze.vda.it\/en\/pierre-louis-vescoz\/\">read more<\/a><\/p>\n","protected":false},"author":2,"featured_media":84389,"comment_status":"closed","ping_status":"closed","sticky":true,"template":"","format":"standard","meta":{"_acf_changed":false,"footnotes":""},"categories":[3368,50,51],"tags":[17824,17825,17826,17758,17827],"news_category":[17518],"news_expert":[],"news_type":[17525],"class_list":["post-84385","post","type-post","status-publish","format-standard","has-post-thumbnail","hentry","category-events","category-homepage-en","category-news-en","tag-cartografie-en","tag-chiesa-en","tag-geografia-en","tag-scienza-en","tag-vescoz-en","news_category-museum","news_type-focus"],"acf":[],"yoast_head":"<!-- This site is optimized with the Yoast SEO plugin v26.8 - https:\/\/yoast.com\/product\/yoast-seo-wordpress\/ -->\n<title>Pierre-Louis Vescoz - Museo Regionale di Scienze Naturali Efisio Noussan<\/title>\n<meta name=\"robots\" content=\"index, follow, max-snippet:-1, max-image-preview:large, max-video-preview:-1\" \/>\n<link rel=\"canonical\" href=\"https:\/\/museoscienze.vda.it\/en\/pierre-louis-vescoz\/\" \/>\n<meta property=\"og:locale\" content=\"en_US\" \/>\n<meta property=\"og:type\" content=\"article\" \/>\n<meta property=\"og:title\" content=\"Pierre-Louis Vescoz - Museo Regionale di Scienze Naturali Efisio Noussan\" \/>\n<meta property=\"og:description\" content=\"Sacerdote, cartografo, mineralogista e primo conservatore del Museo della Soci\u00e9t\u00e9 de la Flore Vald\u00f4taine: la storia di uno fra gli abb\u00e9s savants pi\u00f9 straordinari della Valle d&#8217;Aosta.Pierre-Louis Vescoz nasce il 23 novembre 1840 a Charr\u00e8re, frazione di Verrayes, in Valle d&#8217;Aosta. Ordinato sacerdote nel 1866, inizia la propria carriera ecclesiastica come viceparroco a Cogne e &hellip; read more\" \/>\n<meta property=\"og:url\" content=\"https:\/\/museoscienze.vda.it\/en\/pierre-louis-vescoz\/\" \/>\n<meta property=\"og:site_name\" content=\"Museo Regionale di Scienze Naturali Efisio Noussan\" \/>\n<meta property=\"article:published_time\" content=\"2026-04-27T09:45:12+00:00\" \/>\n<meta property=\"article:modified_time\" content=\"2026-04-27T09:49:01+00:00\" \/>\n<meta property=\"og:image\" content=\"https:\/\/museoscienze.vda.it\/wp-content\/uploads\/2026\/04\/peter-law-WlQPc1FZoPM-unsplash.jpg\" \/>\n\t<meta property=\"og:image:width\" content=\"5200\" \/>\n\t<meta property=\"og:image:height\" content=\"3467\" \/>\n\t<meta property=\"og:image:type\" content=\"image\/jpeg\" \/>\n<meta name=\"author\" content=\"Museo Scienze\" \/>\n<meta name=\"twitter:card\" content=\"summary_large_image\" \/>\n<meta name=\"twitter:label1\" content=\"Written by\" \/>\n\t<meta name=\"twitter:data1\" content=\"Museo Scienze\" \/>\n\t<meta name=\"twitter:label2\" content=\"Est. reading time\" \/>\n\t<meta name=\"twitter:data2\" content=\"3 minutes\" \/>\n<script type=\"application\/ld+json\" class=\"yoast-schema-graph\">{\"@context\":\"https:\/\/schema.org\",\"@graph\":[{\"@type\":\"Article\",\"@id\":\"https:\/\/museoscienze.vda.it\/en\/pierre-louis-vescoz\/#article\",\"isPartOf\":{\"@id\":\"https:\/\/museoscienze.vda.it\/en\/pierre-louis-vescoz\/\"},\"author\":{\"name\":\"Museo Scienze\",\"@id\":\"https:\/\/museoscienze.vda.it\/#\/schema\/person\/909e674496ac056580890dd6936f7d73\"},\"headline\":\"Pierre-Louis Vescoz\",\"datePublished\":\"2026-04-27T09:45:12+00:00\",\"dateModified\":\"2026-04-27T09:49:01+00:00\",\"mainEntityOfPage\":{\"@id\":\"https:\/\/museoscienze.vda.it\/en\/pierre-louis-vescoz\/\"},\"wordCount\":472,\"publisher\":{\"@id\":\"https:\/\/museoscienze.vda.it\/#organization\"},\"image\":{\"@id\":\"https:\/\/museoscienze.vda.it\/en\/pierre-louis-vescoz\/#primaryimage\"},\"thumbnailUrl\":\"https:\/\/museoscienze.vda.it\/wp-content\/uploads\/2026\/04\/peter-law-WlQPc1FZoPM-unsplash.jpg\",\"keywords\":[\"cartografie\",\"chiesa\",\"geografia\",\"scienza\",\"Vescoz\"],\"articleSection\":[\"events\",\"homepage\",\"news\"],\"inLanguage\":\"en-US\"},{\"@type\":\"WebPage\",\"@id\":\"https:\/\/museoscienze.vda.it\/en\/pierre-louis-vescoz\/\",\"url\":\"https:\/\/museoscienze.vda.it\/en\/pierre-louis-vescoz\/\",\"name\":\"Pierre-Louis Vescoz - Museo Regionale di Scienze Naturali Efisio Noussan\",\"isPartOf\":{\"@id\":\"https:\/\/museoscienze.vda.it\/#website\"},\"primaryImageOfPage\":{\"@id\":\"https:\/\/museoscienze.vda.it\/en\/pierre-louis-vescoz\/#primaryimage\"},\"image\":{\"@id\":\"https:\/\/museoscienze.vda.it\/en\/pierre-louis-vescoz\/#primaryimage\"},\"thumbnailUrl\":\"https:\/\/museoscienze.vda.it\/wp-content\/uploads\/2026\/04\/peter-law-WlQPc1FZoPM-unsplash.jpg\",\"datePublished\":\"2026-04-27T09:45:12+00:00\",\"dateModified\":\"2026-04-27T09:49:01+00:00\",\"breadcrumb\":{\"@id\":\"https:\/\/museoscienze.vda.it\/en\/pierre-louis-vescoz\/#breadcrumb\"},\"inLanguage\":\"en-US\",\"potentialAction\":[{\"@type\":\"ReadAction\",\"target\":[\"https:\/\/museoscienze.vda.it\/en\/pierre-louis-vescoz\/\"]}]},{\"@type\":\"ImageObject\",\"inLanguage\":\"en-US\",\"@id\":\"https:\/\/museoscienze.vda.it\/en\/pierre-louis-vescoz\/#primaryimage\",\"url\":\"https:\/\/museoscienze.vda.it\/wp-content\/uploads\/2026\/04\/peter-law-WlQPc1FZoPM-unsplash.jpg\",\"contentUrl\":\"https:\/\/museoscienze.vda.it\/wp-content\/uploads\/2026\/04\/peter-law-WlQPc1FZoPM-unsplash.jpg\",\"width\":5200,\"height\":3467,\"caption\":\"Immagine decorativa\"},{\"@type\":\"BreadcrumbList\",\"@id\":\"https:\/\/museoscienze.vda.it\/en\/pierre-louis-vescoz\/#breadcrumb\",\"itemListElement\":[{\"@type\":\"ListItem\",\"position\":1,\"name\":\"Home\",\"item\":\"https:\/\/museoscienze.vda.it\/en\/\"},{\"@type\":\"ListItem\",\"position\":2,\"name\":\"Pierre-Louis Vescoz\"}]},{\"@type\":\"WebSite\",\"@id\":\"https:\/\/museoscienze.vda.it\/#website\",\"url\":\"https:\/\/museoscienze.vda.it\/\",\"name\":\"Museo Regionale di Scienze Naturali Efisio Noussan\",\"description\":\"\",\"publisher\":{\"@id\":\"https:\/\/museoscienze.vda.it\/#organization\"},\"potentialAction\":[{\"@type\":\"SearchAction\",\"target\":{\"@type\":\"EntryPoint\",\"urlTemplate\":\"https:\/\/museoscienze.vda.it\/?s={search_term_string}\"},\"query-input\":{\"@type\":\"PropertyValueSpecification\",\"valueRequired\":true,\"valueName\":\"search_term_string\"}}],\"inLanguage\":\"en-US\"},{\"@type\":\"Organization\",\"@id\":\"https:\/\/museoscienze.vda.it\/#organization\",\"name\":\"Museo Regionale di Scienze Naturali Efisio Noussan\",\"url\":\"https:\/\/museoscienze.vda.it\/\",\"logo\":{\"@type\":\"ImageObject\",\"inLanguage\":\"en-US\",\"@id\":\"https:\/\/museoscienze.vda.it\/#\/schema\/logo\/image\/\",\"url\":\"https:\/\/museoscienze.vda.it\/wp-content\/uploads\/2023\/09\/logo_MuseoScienzeVDA_completo_rva.png\",\"contentUrl\":\"https:\/\/museoscienze.vda.it\/wp-content\/uploads\/2023\/09\/logo_MuseoScienzeVDA_completo_rva.png\",\"width\":1692,\"height\":646,\"caption\":\"Museo Regionale di Scienze Naturali Efisio Noussan\"},\"image\":{\"@id\":\"https:\/\/museoscienze.vda.it\/#\/schema\/logo\/image\/\"}},{\"@type\":\"Person\",\"@id\":\"https:\/\/museoscienze.vda.it\/#\/schema\/person\/909e674496ac056580890dd6936f7d73\",\"name\":\"Museo Scienze\",\"sameAs\":[\"https:\/\/museoscienze.vda.it\/\"],\"url\":\"https:\/\/museoscienze.vda.it\/en\/author\/msvda_editormuseoscienze\/\"}]}<\/script>\n<!-- \/ Yoast SEO plugin. -->","yoast_head_json":{"title":"Pierre-Louis Vescoz - Museo Regionale di Scienze Naturali Efisio Noussan","robots":{"index":"index","follow":"follow","max-snippet":"max-snippet:-1","max-image-preview":"max-image-preview:large","max-video-preview":"max-video-preview:-1"},"canonical":"https:\/\/museoscienze.vda.it\/en\/pierre-louis-vescoz\/","og_locale":"en_US","og_type":"article","og_title":"Pierre-Louis Vescoz - Museo Regionale di Scienze Naturali Efisio Noussan","og_description":"Sacerdote, cartografo, mineralogista e primo conservatore del Museo della Soci\u00e9t\u00e9 de la Flore Vald\u00f4taine: la storia di uno fra gli abb\u00e9s savants pi\u00f9 straordinari della Valle d&#8217;Aosta.Pierre-Louis Vescoz nasce il 23 novembre 1840 a Charr\u00e8re, frazione di Verrayes, in Valle d&#8217;Aosta. Ordinato sacerdote nel 1866, inizia la propria carriera ecclesiastica come viceparroco a Cogne e &hellip; read more","og_url":"https:\/\/museoscienze.vda.it\/en\/pierre-louis-vescoz\/","og_site_name":"Museo Regionale di Scienze Naturali Efisio Noussan","article_published_time":"2026-04-27T09:45:12+00:00","article_modified_time":"2026-04-27T09:49:01+00:00","og_image":[{"width":5200,"height":3467,"url":"https:\/\/museoscienze.vda.it\/wp-content\/uploads\/2026\/04\/peter-law-WlQPc1FZoPM-unsplash.jpg","type":"image\/jpeg"}],"author":"Museo Scienze","twitter_card":"summary_large_image","twitter_misc":{"Written by":"Museo Scienze","Est. reading time":"3 minutes"},"schema":{"@context":"https:\/\/schema.org","@graph":[{"@type":"Article","@id":"https:\/\/museoscienze.vda.it\/en\/pierre-louis-vescoz\/#article","isPartOf":{"@id":"https:\/\/museoscienze.vda.it\/en\/pierre-louis-vescoz\/"},"author":{"name":"Museo Scienze","@id":"https:\/\/museoscienze.vda.it\/#\/schema\/person\/909e674496ac056580890dd6936f7d73"},"headline":"Pierre-Louis Vescoz","datePublished":"2026-04-27T09:45:12+00:00","dateModified":"2026-04-27T09:49:01+00:00","mainEntityOfPage":{"@id":"https:\/\/museoscienze.vda.it\/en\/pierre-louis-vescoz\/"},"wordCount":472,"publisher":{"@id":"https:\/\/museoscienze.vda.it\/#organization"},"image":{"@id":"https:\/\/museoscienze.vda.it\/en\/pierre-louis-vescoz\/#primaryimage"},"thumbnailUrl":"https:\/\/museoscienze.vda.it\/wp-content\/uploads\/2026\/04\/peter-law-WlQPc1FZoPM-unsplash.jpg","keywords":["cartografie","chiesa","geografia","scienza","Vescoz"],"articleSection":["events","homepage","news"],"inLanguage":"en-US"},{"@type":"WebPage","@id":"https:\/\/museoscienze.vda.it\/en\/pierre-louis-vescoz\/","url":"https:\/\/museoscienze.vda.it\/en\/pierre-louis-vescoz\/","name":"Pierre-Louis Vescoz - Museo Regionale di Scienze Naturali Efisio Noussan","isPartOf":{"@id":"https:\/\/museoscienze.vda.it\/#website"},"primaryImageOfPage":{"@id":"https:\/\/museoscienze.vda.it\/en\/pierre-louis-vescoz\/#primaryimage"},"image":{"@id":"https:\/\/museoscienze.vda.it\/en\/pierre-louis-vescoz\/#primaryimage"},"thumbnailUrl":"https:\/\/museoscienze.vda.it\/wp-content\/uploads\/2026\/04\/peter-law-WlQPc1FZoPM-unsplash.jpg","datePublished":"2026-04-27T09:45:12+00:00","dateModified":"2026-04-27T09:49:01+00:00","breadcrumb":{"@id":"https:\/\/museoscienze.vda.it\/en\/pierre-louis-vescoz\/#breadcrumb"},"inLanguage":"en-US","potentialAction":[{"@type":"ReadAction","target":["https:\/\/museoscienze.vda.it\/en\/pierre-louis-vescoz\/"]}]},{"@type":"ImageObject","inLanguage":"en-US","@id":"https:\/\/museoscienze.vda.it\/en\/pierre-louis-vescoz\/#primaryimage","url":"https:\/\/museoscienze.vda.it\/wp-content\/uploads\/2026\/04\/peter-law-WlQPc1FZoPM-unsplash.jpg","contentUrl":"https:\/\/museoscienze.vda.it\/wp-content\/uploads\/2026\/04\/peter-law-WlQPc1FZoPM-unsplash.jpg","width":5200,"height":3467,"caption":"Immagine decorativa"},{"@type":"BreadcrumbList","@id":"https:\/\/museoscienze.vda.it\/en\/pierre-louis-vescoz\/#breadcrumb","itemListElement":[{"@type":"ListItem","position":1,"name":"Home","item":"https:\/\/museoscienze.vda.it\/en\/"},{"@type":"ListItem","position":2,"name":"Pierre-Louis Vescoz"}]},{"@type":"WebSite","@id":"https:\/\/museoscienze.vda.it\/#website","url":"https:\/\/museoscienze.vda.it\/","name":"Museo Regionale di Scienze Naturali Efisio Noussan","description":"","publisher":{"@id":"https:\/\/museoscienze.vda.it\/#organization"},"potentialAction":[{"@type":"SearchAction","target":{"@type":"EntryPoint","urlTemplate":"https:\/\/museoscienze.vda.it\/?s={search_term_string}"},"query-input":{"@type":"PropertyValueSpecification","valueRequired":true,"valueName":"search_term_string"}}],"inLanguage":"en-US"},{"@type":"Organization","@id":"https:\/\/museoscienze.vda.it\/#organization","name":"Museo Regionale di Scienze Naturali Efisio Noussan","url":"https:\/\/museoscienze.vda.it\/","logo":{"@type":"ImageObject","inLanguage":"en-US","@id":"https:\/\/museoscienze.vda.it\/#\/schema\/logo\/image\/","url":"https:\/\/museoscienze.vda.it\/wp-content\/uploads\/2023\/09\/logo_MuseoScienzeVDA_completo_rva.png","contentUrl":"https:\/\/museoscienze.vda.it\/wp-content\/uploads\/2023\/09\/logo_MuseoScienzeVDA_completo_rva.png","width":1692,"height":646,"caption":"Museo Regionale di Scienze Naturali Efisio Noussan"},"image":{"@id":"https:\/\/museoscienze.vda.it\/#\/schema\/logo\/image\/"}},{"@type":"Person","@id":"https:\/\/museoscienze.vda.it\/#\/schema\/person\/909e674496ac056580890dd6936f7d73","name":"Museo Scienze","sameAs":["https:\/\/museoscienze.vda.it\/"],"url":"https:\/\/museoscienze.vda.it\/en\/author\/msvda_editormuseoscienze\/"}]}},"_links":{"self":[{"href":"https:\/\/museoscienze.vda.it\/en\/wp-json\/wp\/v2\/posts\/84385","targetHints":{"allow":["GET"]}}],"collection":[{"href":"https:\/\/museoscienze.vda.it\/en\/wp-json\/wp\/v2\/posts"}],"about":[{"href":"https:\/\/museoscienze.vda.it\/en\/wp-json\/wp\/v2\/types\/post"}],"author":[{"embeddable":true,"href":"https:\/\/museoscienze.vda.it\/en\/wp-json\/wp\/v2\/users\/2"}],"replies":[{"embeddable":true,"href":"https:\/\/museoscienze.vda.it\/en\/wp-json\/wp\/v2\/comments?post=84385"}],"version-history":[{"count":1,"href":"https:\/\/museoscienze.vda.it\/en\/wp-json\/wp\/v2\/posts\/84385\/revisions"}],"predecessor-version":[{"id":84392,"href":"https:\/\/museoscienze.vda.it\/en\/wp-json\/wp\/v2\/posts\/84385\/revisions\/84392"}],"wp:featuredmedia":[{"embeddable":true,"href":"https:\/\/museoscienze.vda.it\/en\/wp-json\/wp\/v2\/media\/84389"}],"wp:attachment":[{"href":"https:\/\/museoscienze.vda.it\/en\/wp-json\/wp\/v2\/media?parent=84385"}],"wp:term":[{"taxonomy":"category","embeddable":true,"href":"https:\/\/museoscienze.vda.it\/en\/wp-json\/wp\/v2\/categories?post=84385"},{"taxonomy":"post_tag","embeddable":true,"href":"https:\/\/museoscienze.vda.it\/en\/wp-json\/wp\/v2\/tags?post=84385"},{"taxonomy":"news_category","embeddable":true,"href":"https:\/\/museoscienze.vda.it\/en\/wp-json\/wp\/v2\/news_category?post=84385"},{"taxonomy":"news_expert","embeddable":true,"href":"https:\/\/museoscienze.vda.it\/en\/wp-json\/wp\/v2\/news_expert?post=84385"},{"taxonomy":"news_type","embeddable":true,"href":"https:\/\/museoscienze.vda.it\/en\/wp-json\/wp\/v2\/news_type?post=84385"}],"curies":[{"name":"wp","href":"https:\/\/api.w.org\/{rel}","templated":true}]}}