{"id":84364,"date":"2026-04-30T06:56:34","date_gmt":"2026-04-30T06:56:34","guid":{"rendered":"https:\/\/museoscienze.vda.it\/?p=84364"},"modified":"2026-04-30T06:57:13","modified_gmt":"2026-04-30T06:57:13","slug":"le-professioni-del-museo","status":"publish","type":"post","link":"https:\/\/museoscienze.vda.it\/en\/le-professioni-del-museo\/","title":{"rendered":"Le professioni del Museo"},"content":{"rendered":"\n<p class=\"has-medium-font-size\">Un museo non \u00e8 soltanto ci\u00f2 che espone. \u00c8 l&#8217;insieme delle persone che, ogni giorno, lo rendono possibile: chi accoglie i visitatori, chi studia e conserva le collezioni, chi gestisce gli spazi e i sistemi tecnologici, chi cura i rapporti istituzionali e amministrativi.<\/p>\n\n\n\n<div style=\"height:30px\" aria-hidden=\"true\" class=\"wp-block-spacer\"><\/div>\n\n\n\n<p class=\"has-medium-font-size\"><strong>L&#8217;accoglienza e la cura degli spazi<\/strong><\/p>\n\n\n\n<p class=\"has-medium-font-size\">Il primo contatto tra il Museo e il visitatore avviene attraverso il personale di accoglienza, che opera presso la sede espositiva del Castello di Saint-Pierre. Addetti alla biglietteria e al ricevimento del pubblico garantiscono informazioni, orientamento e assistenza a famiglie, scolaresche, turisti e ricercatori che ogni anno visitano il Museo. Il loro ruolo richiede competenze comunicative, conoscenza del percorso espositivo e capacit\u00e0 di rapportarsi con pubblici molto diversi per et\u00e0, provenienza e interessi.<br>Incaricate dell&#8217;accoglienza sono anche le guide che accompagnano i visitatori alla scoperta di spazi e collezioni.<br>Il personale addetto alla cura e alla pulizia degli spazi garantisce che le sedici sale del castello siano sempre nelle condizioni ottimali per accogliere i visitatori, tutelando al contempo l&#8217;integrit\u00e0 delle collezioni esposte e delle strutture storiche dell&#8217;edificio.<\/p>\n\n\n\n<div style=\"height:32px\" aria-hidden=\"true\" class=\"wp-block-spacer\"><\/div>\n\n\n\n<p class=\"has-medium-font-size\"><strong>La ricerca scientifica e la conservazione delle collezioni<\/strong><\/p>\n\n\n\n<p class=\"has-medium-font-size\">Nella sede operativa di La Salle, il Museo dispone di laboratori scientifici altamente specializzati in cui operano ricercatori con formazione in biologia molecolare, botanica, zoologia, geologia e scienze naturali. Le loro attivit\u00e0 comprendono lo studio della biodiversit\u00e0 valdostana, l&#8217;analisi del DNA di specie animali e vegetali attraverso tecniche di sequenziamento e DNA barcoding, la gestione della Banca del Germoplasma vegetale della Valle d&#8217;Aosta e lo sviluppo di progetti di ricerca cofinanziati con fondi europei.<br>I ricercatori del Museo pubblicano i propri risultati su riviste scientifiche nazionali e internazionali, contribuendo all&#8217;avanzamento delle conoscenze sulla biodiversit\u00e0 alpina e agro-alimentare del territorio valdostano.<br>La conservazione delle collezioni museali &#8211; che comprendono esemplari tassidermizzati, teche entomologiche, erbari, minerali e reperti geologici &#8211; richiede competenze specialistiche in tassidermia, botanica sistematica, mineralogia e tecniche di conservazione. La preparazione degli esemplari tassidermizzati, in particolare, \u00e8 affidata a professionisti specializzati che uniscono conoscenze anatomiche, competenze artigianali e sensibilit\u00e0 artistica.<\/p>\n\n\n\n<div style=\"height:31px\" aria-hidden=\"true\" class=\"wp-block-spacer\"><\/div>\n\n\n\n<p class=\"has-medium-font-size\"><strong>L&#8217;amministrazione e la gestione istituzionale<\/strong><\/p>\n\n\n\n<p class=\"has-medium-font-size\">Il personale amministrativo del Museo gestisce le attivit\u00e0 contabili e gestionali, coordina le convenzioni con Universit\u00e0 e Istituti di ricerca, segue l&#8217;iter dei progetti europei che finanziano le attivit\u00e0 scientifiche e provvede ai rapporti istituzionali con gli altri Enti partner.<\/p>\n\n\n\n<div style=\"height:30px\" aria-hidden=\"true\" class=\"wp-block-spacer\"><\/div>\n\n\n\n<p class=\"has-medium-font-size\"><strong>I professionisti esterni<\/strong><\/p>\n\n\n\n<p class=\"has-medium-font-size\">Una parte delle attivit\u00e0 del Museo \u00e8 svolta da professionisti e tecnici specializzati esterni: dalla manutenzione degli impianti di un edificio storico complesso come il Castello di Saint-Pierre, alla gestione e all&#8217;aggiornamento dei sistemi tecnologici interattivi che caratterizzano il percorso espositivo, fino alla preparazione di nuovi esemplari per le collezioni.<\/p>\n\n\n\n<div style=\"height:71px\" aria-hidden=\"true\" class=\"wp-block-spacer\"><\/div>\n\n\n\n<p><\/p>\n","protected":false},"excerpt":{"rendered":"<p>Un museo non \u00e8 soltanto ci\u00f2 che espone. \u00c8 l&#8217;insieme delle persone che, ogni giorno, lo rendono possibile: chi accoglie i visitatori, chi studia e conserva le collezioni, chi gestisce gli spazi e i sistemi tecnologici, chi cura i rapporti istituzionali e amministrativi. L&#8217;accoglienza e la cura degli spazi Il primo contatto tra il Museo &hellip; <a href=\"https:\/\/museoscienze.vda.it\/en\/le-professioni-del-museo\/\">read more<\/a><\/p>\n","protected":false},"author":2,"featured_media":84379,"comment_status":"closed","ping_status":"closed","sticky":true,"template":"","format":"standard","meta":{"_acf_changed":false,"footnotes":""},"categories":[3368,50,51],"tags":[17811,17812,17813,17803],"news_category":[17518],"news_expert":[],"news_type":[17525],"class_list":["post-84364","post","type-post","status-publish","format-standard","has-post-thumbnail","hentry","category-events","category-homepage-en","category-news-en","tag-accoglienza-en","tag-gestione-en","tag-professioni-en","tag-ricerca-en","news_category-museum","news_type-focus"],"acf":[],"yoast_head":"<!-- This site is optimized with the Yoast SEO plugin v26.8 - https:\/\/yoast.com\/product\/yoast-seo-wordpress\/ -->\n<title>Le professioni del Museo - Museo Regionale di Scienze Naturali Efisio Noussan<\/title>\n<meta name=\"robots\" content=\"index, follow, max-snippet:-1, max-image-preview:large, max-video-preview:-1\" \/>\n<link rel=\"canonical\" href=\"https:\/\/museoscienze.vda.it\/en\/le-professioni-del-museo\/\" \/>\n<meta property=\"og:locale\" content=\"en_US\" \/>\n<meta property=\"og:type\" content=\"article\" \/>\n<meta property=\"og:title\" content=\"Le professioni del Museo - Museo Regionale di Scienze Naturali Efisio Noussan\" \/>\n<meta property=\"og:description\" content=\"Un museo non \u00e8 soltanto ci\u00f2 che espone. \u00c8 l&#8217;insieme delle persone che, ogni giorno, lo rendono possibile: chi accoglie i visitatori, chi studia e conserva le collezioni, chi gestisce gli spazi e i sistemi tecnologici, chi cura i rapporti istituzionali e amministrativi. L&#8217;accoglienza e la cura degli spazi Il primo contatto tra il Museo &hellip; read more\" \/>\n<meta property=\"og:url\" content=\"https:\/\/museoscienze.vda.it\/en\/le-professioni-del-museo\/\" \/>\n<meta property=\"og:site_name\" content=\"Museo Regionale di Scienze Naturali Efisio Noussan\" \/>\n<meta property=\"article:published_time\" content=\"2026-04-30T06:56:34+00:00\" \/>\n<meta property=\"article:modified_time\" content=\"2026-04-30T06:57:13+00:00\" \/>\n<meta property=\"og:image\" content=\"https:\/\/museoscienze.vda.it\/wp-content\/uploads\/2026\/04\/1.058_MarmottaLyskamm_phPaoloRey.jpg\" \/>\n\t<meta property=\"og:image:width\" content=\"2048\" \/>\n\t<meta property=\"og:image:height\" content=\"1365\" \/>\n\t<meta property=\"og:image:type\" content=\"image\/jpeg\" \/>\n<meta name=\"author\" content=\"Museo Scienze\" \/>\n<meta name=\"twitter:card\" content=\"summary_large_image\" \/>\n<meta name=\"twitter:label1\" content=\"Written by\" \/>\n\t<meta name=\"twitter:data1\" content=\"Museo Scienze\" \/>\n\t<meta name=\"twitter:label2\" content=\"Est. reading time\" \/>\n\t<meta name=\"twitter:data2\" content=\"3 minutes\" \/>\n<script type=\"application\/ld+json\" class=\"yoast-schema-graph\">{\"@context\":\"https:\/\/schema.org\",\"@graph\":[{\"@type\":\"Article\",\"@id\":\"https:\/\/museoscienze.vda.it\/en\/le-professioni-del-museo\/#article\",\"isPartOf\":{\"@id\":\"https:\/\/museoscienze.vda.it\/en\/le-professioni-del-museo\/\"},\"author\":{\"name\":\"Museo Scienze\",\"@id\":\"https:\/\/museoscienze.vda.it\/#\/schema\/person\/909e674496ac056580890dd6936f7d73\"},\"headline\":\"Le professioni del Museo\",\"datePublished\":\"2026-04-30T06:56:34+00:00\",\"dateModified\":\"2026-04-30T06:57:13+00:00\",\"mainEntityOfPage\":{\"@id\":\"https:\/\/museoscienze.vda.it\/en\/le-professioni-del-museo\/\"},\"wordCount\":444,\"publisher\":{\"@id\":\"https:\/\/museoscienze.vda.it\/#organization\"},\"image\":{\"@id\":\"https:\/\/museoscienze.vda.it\/en\/le-professioni-del-museo\/#primaryimage\"},\"thumbnailUrl\":\"https:\/\/museoscienze.vda.it\/wp-content\/uploads\/2026\/04\/1.058_MarmottaLyskamm_phPaoloRey.jpg\",\"keywords\":[\"accoglienza\",\"gestione\",\"professioni\",\"ricerca\"],\"articleSection\":[\"events\",\"homepage\",\"news\"],\"inLanguage\":\"en-US\"},{\"@type\":\"WebPage\",\"@id\":\"https:\/\/museoscienze.vda.it\/en\/le-professioni-del-museo\/\",\"url\":\"https:\/\/museoscienze.vda.it\/en\/le-professioni-del-museo\/\",\"name\":\"Le professioni del Museo - Museo Regionale di Scienze Naturali Efisio Noussan\",\"isPartOf\":{\"@id\":\"https:\/\/museoscienze.vda.it\/#website\"},\"primaryImageOfPage\":{\"@id\":\"https:\/\/museoscienze.vda.it\/en\/le-professioni-del-museo\/#primaryimage\"},\"image\":{\"@id\":\"https:\/\/museoscienze.vda.it\/en\/le-professioni-del-museo\/#primaryimage\"},\"thumbnailUrl\":\"https:\/\/museoscienze.vda.it\/wp-content\/uploads\/2026\/04\/1.058_MarmottaLyskamm_phPaoloRey.jpg\",\"datePublished\":\"2026-04-30T06:56:34+00:00\",\"dateModified\":\"2026-04-30T06:57:13+00:00\",\"breadcrumb\":{\"@id\":\"https:\/\/museoscienze.vda.it\/en\/le-professioni-del-museo\/#breadcrumb\"},\"inLanguage\":\"en-US\",\"potentialAction\":[{\"@type\":\"ReadAction\",\"target\":[\"https:\/\/museoscienze.vda.it\/en\/le-professioni-del-museo\/\"]}]},{\"@type\":\"ImageObject\",\"inLanguage\":\"en-US\",\"@id\":\"https:\/\/museoscienze.vda.it\/en\/le-professioni-del-museo\/#primaryimage\",\"url\":\"https:\/\/museoscienze.vda.it\/wp-content\/uploads\/2026\/04\/1.058_MarmottaLyskamm_phPaoloRey.jpg\",\"contentUrl\":\"https:\/\/museoscienze.vda.it\/wp-content\/uploads\/2026\/04\/1.058_MarmottaLyskamm_phPaoloRey.jpg\",\"width\":2048,\"height\":1365,\"caption\":\"Immagine professioni\"},{\"@type\":\"BreadcrumbList\",\"@id\":\"https:\/\/museoscienze.vda.it\/en\/le-professioni-del-museo\/#breadcrumb\",\"itemListElement\":[{\"@type\":\"ListItem\",\"position\":1,\"name\":\"Home\",\"item\":\"https:\/\/museoscienze.vda.it\/en\/\"},{\"@type\":\"ListItem\",\"position\":2,\"name\":\"Le professioni del Museo\"}]},{\"@type\":\"WebSite\",\"@id\":\"https:\/\/museoscienze.vda.it\/#website\",\"url\":\"https:\/\/museoscienze.vda.it\/\",\"name\":\"Museo Regionale di Scienze Naturali Efisio Noussan\",\"description\":\"\",\"publisher\":{\"@id\":\"https:\/\/museoscienze.vda.it\/#organization\"},\"potentialAction\":[{\"@type\":\"SearchAction\",\"target\":{\"@type\":\"EntryPoint\",\"urlTemplate\":\"https:\/\/museoscienze.vda.it\/?s={search_term_string}\"},\"query-input\":{\"@type\":\"PropertyValueSpecification\",\"valueRequired\":true,\"valueName\":\"search_term_string\"}}],\"inLanguage\":\"en-US\"},{\"@type\":\"Organization\",\"@id\":\"https:\/\/museoscienze.vda.it\/#organization\",\"name\":\"Museo Regionale di Scienze Naturali Efisio Noussan\",\"url\":\"https:\/\/museoscienze.vda.it\/\",\"logo\":{\"@type\":\"ImageObject\",\"inLanguage\":\"en-US\",\"@id\":\"https:\/\/museoscienze.vda.it\/#\/schema\/logo\/image\/\",\"url\":\"https:\/\/museoscienze.vda.it\/wp-content\/uploads\/2023\/09\/logo_MuseoScienzeVDA_completo_rva.png\",\"contentUrl\":\"https:\/\/museoscienze.vda.it\/wp-content\/uploads\/2023\/09\/logo_MuseoScienzeVDA_completo_rva.png\",\"width\":1692,\"height\":646,\"caption\":\"Museo Regionale di Scienze Naturali Efisio Noussan\"},\"image\":{\"@id\":\"https:\/\/museoscienze.vda.it\/#\/schema\/logo\/image\/\"}},{\"@type\":\"Person\",\"@id\":\"https:\/\/museoscienze.vda.it\/#\/schema\/person\/909e674496ac056580890dd6936f7d73\",\"name\":\"Museo Scienze\",\"sameAs\":[\"https:\/\/museoscienze.vda.it\/\"],\"url\":\"https:\/\/museoscienze.vda.it\/en\/author\/msvda_editormuseoscienze\/\"}]}<\/script>\n<!-- \/ Yoast SEO plugin. -->","yoast_head_json":{"title":"Le professioni del Museo - Museo Regionale di Scienze Naturali Efisio Noussan","robots":{"index":"index","follow":"follow","max-snippet":"max-snippet:-1","max-image-preview":"max-image-preview:large","max-video-preview":"max-video-preview:-1"},"canonical":"https:\/\/museoscienze.vda.it\/en\/le-professioni-del-museo\/","og_locale":"en_US","og_type":"article","og_title":"Le professioni del Museo - Museo Regionale di Scienze Naturali Efisio Noussan","og_description":"Un museo non \u00e8 soltanto ci\u00f2 che espone. \u00c8 l&#8217;insieme delle persone che, ogni giorno, lo rendono possibile: chi accoglie i visitatori, chi studia e conserva le collezioni, chi gestisce gli spazi e i sistemi tecnologici, chi cura i rapporti istituzionali e amministrativi. L&#8217;accoglienza e la cura degli spazi Il primo contatto tra il Museo &hellip; read more","og_url":"https:\/\/museoscienze.vda.it\/en\/le-professioni-del-museo\/","og_site_name":"Museo Regionale di Scienze Naturali Efisio Noussan","article_published_time":"2026-04-30T06:56:34+00:00","article_modified_time":"2026-04-30T06:57:13+00:00","og_image":[{"width":2048,"height":1365,"url":"https:\/\/museoscienze.vda.it\/wp-content\/uploads\/2026\/04\/1.058_MarmottaLyskamm_phPaoloRey.jpg","type":"image\/jpeg"}],"author":"Museo Scienze","twitter_card":"summary_large_image","twitter_misc":{"Written by":"Museo Scienze","Est. reading time":"3 minutes"},"schema":{"@context":"https:\/\/schema.org","@graph":[{"@type":"Article","@id":"https:\/\/museoscienze.vda.it\/en\/le-professioni-del-museo\/#article","isPartOf":{"@id":"https:\/\/museoscienze.vda.it\/en\/le-professioni-del-museo\/"},"author":{"name":"Museo Scienze","@id":"https:\/\/museoscienze.vda.it\/#\/schema\/person\/909e674496ac056580890dd6936f7d73"},"headline":"Le professioni del Museo","datePublished":"2026-04-30T06:56:34+00:00","dateModified":"2026-04-30T06:57:13+00:00","mainEntityOfPage":{"@id":"https:\/\/museoscienze.vda.it\/en\/le-professioni-del-museo\/"},"wordCount":444,"publisher":{"@id":"https:\/\/museoscienze.vda.it\/#organization"},"image":{"@id":"https:\/\/museoscienze.vda.it\/en\/le-professioni-del-museo\/#primaryimage"},"thumbnailUrl":"https:\/\/museoscienze.vda.it\/wp-content\/uploads\/2026\/04\/1.058_MarmottaLyskamm_phPaoloRey.jpg","keywords":["accoglienza","gestione","professioni","ricerca"],"articleSection":["events","homepage","news"],"inLanguage":"en-US"},{"@type":"WebPage","@id":"https:\/\/museoscienze.vda.it\/en\/le-professioni-del-museo\/","url":"https:\/\/museoscienze.vda.it\/en\/le-professioni-del-museo\/","name":"Le professioni del Museo - Museo Regionale di Scienze Naturali Efisio Noussan","isPartOf":{"@id":"https:\/\/museoscienze.vda.it\/#website"},"primaryImageOfPage":{"@id":"https:\/\/museoscienze.vda.it\/en\/le-professioni-del-museo\/#primaryimage"},"image":{"@id":"https:\/\/museoscienze.vda.it\/en\/le-professioni-del-museo\/#primaryimage"},"thumbnailUrl":"https:\/\/museoscienze.vda.it\/wp-content\/uploads\/2026\/04\/1.058_MarmottaLyskamm_phPaoloRey.jpg","datePublished":"2026-04-30T06:56:34+00:00","dateModified":"2026-04-30T06:57:13+00:00","breadcrumb":{"@id":"https:\/\/museoscienze.vda.it\/en\/le-professioni-del-museo\/#breadcrumb"},"inLanguage":"en-US","potentialAction":[{"@type":"ReadAction","target":["https:\/\/museoscienze.vda.it\/en\/le-professioni-del-museo\/"]}]},{"@type":"ImageObject","inLanguage":"en-US","@id":"https:\/\/museoscienze.vda.it\/en\/le-professioni-del-museo\/#primaryimage","url":"https:\/\/museoscienze.vda.it\/wp-content\/uploads\/2026\/04\/1.058_MarmottaLyskamm_phPaoloRey.jpg","contentUrl":"https:\/\/museoscienze.vda.it\/wp-content\/uploads\/2026\/04\/1.058_MarmottaLyskamm_phPaoloRey.jpg","width":2048,"height":1365,"caption":"Immagine professioni"},{"@type":"BreadcrumbList","@id":"https:\/\/museoscienze.vda.it\/en\/le-professioni-del-museo\/#breadcrumb","itemListElement":[{"@type":"ListItem","position":1,"name":"Home","item":"https:\/\/museoscienze.vda.it\/en\/"},{"@type":"ListItem","position":2,"name":"Le professioni del Museo"}]},{"@type":"WebSite","@id":"https:\/\/museoscienze.vda.it\/#website","url":"https:\/\/museoscienze.vda.it\/","name":"Museo Regionale di Scienze Naturali Efisio Noussan","description":"","publisher":{"@id":"https:\/\/museoscienze.vda.it\/#organization"},"potentialAction":[{"@type":"SearchAction","target":{"@type":"EntryPoint","urlTemplate":"https:\/\/museoscienze.vda.it\/?s={search_term_string}"},"query-input":{"@type":"PropertyValueSpecification","valueRequired":true,"valueName":"search_term_string"}}],"inLanguage":"en-US"},{"@type":"Organization","@id":"https:\/\/museoscienze.vda.it\/#organization","name":"Museo Regionale di Scienze Naturali Efisio Noussan","url":"https:\/\/museoscienze.vda.it\/","logo":{"@type":"ImageObject","inLanguage":"en-US","@id":"https:\/\/museoscienze.vda.it\/#\/schema\/logo\/image\/","url":"https:\/\/museoscienze.vda.it\/wp-content\/uploads\/2023\/09\/logo_MuseoScienzeVDA_completo_rva.png","contentUrl":"https:\/\/museoscienze.vda.it\/wp-content\/uploads\/2023\/09\/logo_MuseoScienzeVDA_completo_rva.png","width":1692,"height":646,"caption":"Museo Regionale di Scienze Naturali Efisio Noussan"},"image":{"@id":"https:\/\/museoscienze.vda.it\/#\/schema\/logo\/image\/"}},{"@type":"Person","@id":"https:\/\/museoscienze.vda.it\/#\/schema\/person\/909e674496ac056580890dd6936f7d73","name":"Museo Scienze","sameAs":["https:\/\/museoscienze.vda.it\/"],"url":"https:\/\/museoscienze.vda.it\/en\/author\/msvda_editormuseoscienze\/"}]}},"_links":{"self":[{"href":"https:\/\/museoscienze.vda.it\/en\/wp-json\/wp\/v2\/posts\/84364","targetHints":{"allow":["GET"]}}],"collection":[{"href":"https:\/\/museoscienze.vda.it\/en\/wp-json\/wp\/v2\/posts"}],"about":[{"href":"https:\/\/museoscienze.vda.it\/en\/wp-json\/wp\/v2\/types\/post"}],"author":[{"embeddable":true,"href":"https:\/\/museoscienze.vda.it\/en\/wp-json\/wp\/v2\/users\/2"}],"replies":[{"embeddable":true,"href":"https:\/\/museoscienze.vda.it\/en\/wp-json\/wp\/v2\/comments?post=84364"}],"version-history":[{"count":1,"href":"https:\/\/museoscienze.vda.it\/en\/wp-json\/wp\/v2\/posts\/84364\/revisions"}],"predecessor-version":[{"id":84381,"href":"https:\/\/museoscienze.vda.it\/en\/wp-json\/wp\/v2\/posts\/84364\/revisions\/84381"}],"wp:featuredmedia":[{"embeddable":true,"href":"https:\/\/museoscienze.vda.it\/en\/wp-json\/wp\/v2\/media\/84379"}],"wp:attachment":[{"href":"https:\/\/museoscienze.vda.it\/en\/wp-json\/wp\/v2\/media?parent=84364"}],"wp:term":[{"taxonomy":"category","embeddable":true,"href":"https:\/\/museoscienze.vda.it\/en\/wp-json\/wp\/v2\/categories?post=84364"},{"taxonomy":"post_tag","embeddable":true,"href":"https:\/\/museoscienze.vda.it\/en\/wp-json\/wp\/v2\/tags?post=84364"},{"taxonomy":"news_category","embeddable":true,"href":"https:\/\/museoscienze.vda.it\/en\/wp-json\/wp\/v2\/news_category?post=84364"},{"taxonomy":"news_expert","embeddable":true,"href":"https:\/\/museoscienze.vda.it\/en\/wp-json\/wp\/v2\/news_expert?post=84364"},{"taxonomy":"news_type","embeddable":true,"href":"https:\/\/museoscienze.vda.it\/en\/wp-json\/wp\/v2\/news_type?post=84364"}],"curies":[{"name":"wp","href":"https:\/\/api.w.org\/{rel}","templated":true}]}}